{"id":286329,"date":"2023-08-14T10:00:56","date_gmt":"2023-08-14T07:00:56","guid":{"rendered":"https:\/\/sana.sy\/tr\/?p=286329"},"modified":"2023-08-15T08:45:16","modified_gmt":"2023-08-15T05:45:16","slug":"abdullahiyan-bolgede-yabanci-guclerin-varligi-guvenlik-tehditlerini-artiriyor","status":"publish","type":"post","link":"https:\/\/archive.sana.sy\/tr\/?p=286329","title":{"rendered":"Abdullahiyan: B\u00f6lgede Yabanc\u0131 G\u00fc\u00e7lerin Varl\u0131\u011f\u0131 G\u00fcvenlik Tehditlerini Art\u0131r\u0131yor"},"content":{"rendered":"<p style=\"text-align: justify;\"><strong>TAHRAN 14 <\/strong><strong>A\u011fustos (SANA)<\/strong> &#8211; \u0130ran D\u0131\u015fi\u015fleri Bakan\u0131 H\u00fcseyin Emir Abdullahiyan, b\u00f6lgedeki yabanc\u0131 g\u00fc\u00e7lerin varl\u0131\u011f\u0131n\u0131n g\u00fcvenlik tehditlerini ve \u00fclkelerinin istikrar\u0131na y\u00f6nelik riskleri art\u0131rd\u0131\u011f\u0131n\u0131 vurgulad\u0131.<\/p>\n<p style=\"text-align: justify;\">\u0130ran haber ajans\u0131 &#8220;IRNA&#8221;, Abdullahiyan&#8217;\u0131n bug\u00fcnk\u00fc konu\u015fmas\u0131nda, \u2018\u2019B\u00f6lge \u00fclkelerine mesaj\u0131m\u0131z bar\u0131\u015f ve dostluktan ba\u015fka bir \u015fey de\u011fil ve herkesin g\u00fcvenli\u011fini savunuyoruz ve b\u00f6lgenin g\u00fcvenli\u011fini sa\u011flama konusunda \u0130ran&#8217;dan daha fazla ilgilenen ba\u015fka bir taraf yok\u2019\u2019 dedi.<\/p>\n<p style=\"text-align: justify;\">Abdullahiyan ayr\u0131ca, n\u00fckleer dosya m\u00fczakerelerine ili\u015fkin olarak, mevcut \u0130ran h\u00fck\u00fcmetinin diplomatik ayg\u0131t\u0131n\u0131n m\u00fczakere yolundan sapmadan ABD&#8217;nin tek tarafl\u0131 yapt\u0131r\u0131mlar\u0131n\u0131 iptal etmek i\u00e7in \u00e7al\u0131\u015ft\u0131\u011f\u0131n\u0131 kaydetti.<\/p>\n<p><a href=\"https:\/\/t.me\/SuriyeArapHaberAjansI\">Telegram Kanal\u0131m\u0131z\u00a0<\/a><\/p>\n<p><a href=\"https:\/\/www.facebook.com\/SANAHaberAjansi\/\">Facebook Sayfam\u0131z<\/a><\/p>\n<p><a href=\"https:\/\/twitter.com\/arap_ajans\">Twitter Hesab\u0131m\u0131z<\/a><\/p>\n","protected":false},"excerpt":{"rendered":"<p>TAHRAN 14 A\u011fustos (SANA) &#8211; \u0130ran D\u0131\u015fi\u015fleri Bakan\u0131 H\u00fcseyin Emir Abdullahiyan, b\u00f6lgedeki yabanc\u0131 g\u00fc\u00e7lerin varl\u0131\u011f\u0131n\u0131n g\u00fcvenlik tehditlerini ve \u00fclkelerinin istikrar\u0131na y\u00f6nelik riskleri art\u0131rd\u0131\u011f\u0131n\u0131 vurgulad\u0131. \u0130ran haber ajans\u0131 &#8220;IRNA&#8221;, Abdullahiyan&#8217;\u0131n bug\u00fcnk\u00fc konu\u015fmas\u0131nda, \u2018\u2019B\u00f6lge \u00fclkelerine mesaj\u0131m\u0131z bar\u0131\u015f ve dostluktan ba\u015fka bir \u015fey de\u011fil ve herkesin g\u00fcvenli\u011fini savunuyoruz ve b\u00f6lgenin g\u00fcvenli\u011fini sa\u011flama konusunda \u0130ran&#8217;dan daha fazla ilgilenen ba\u015fka &hellip;<\/p>\n","protected":false},"author":41,"featured_media":286330,"comment_status":"closed","ping_status":"closed","sticky":false,"template":"","format":"standard","meta":{"footnotes":""},"categories":[458,459,17988],"tags":[39244,39243],"class_list":["post-286329","post","type-post","status-publish","format-standard","has-post-thumbnail","","category-dunya1","category-haberler-arap-uluslararasi-politika","category-son-haberler","tag-irna","tag-ran-disisleri-bakani-huseyin-emir-abdullahiyan"],"_links":{"self":[{"href":"https:\/\/archive.sana.sy\/tr\/index.php?rest_route=\/wp\/v2\/posts\/286329","targetHints":{"allow":["GET"]}}],"collection":[{"href":"https:\/\/archive.sana.sy\/tr\/index.php?rest_route=\/wp\/v2\/posts"}],"about":[{"href":"https:\/\/archive.sana.sy\/tr\/index.php?rest_route=\/wp\/v2\/types\/post"}],"author":[{"embeddable":true,"href":"https:\/\/archive.sana.sy\/tr\/index.php?rest_route=\/wp\/v2\/users\/41"}],"replies":[{"embeddable":true,"href":"https:\/\/archive.sana.sy\/tr\/index.php?rest_route=%2Fwp%2Fv2%2Fcomments&post=286329"}],"version-history":[{"count":1,"href":"https:\/\/archive.sana.sy\/tr\/index.php?rest_route=\/wp\/v2\/posts\/286329\/revisions"}],"predecessor-version":[{"id":286331,"href":"https:\/\/archive.sana.sy\/tr\/index.php?rest_route=\/wp\/v2\/posts\/286329\/revisions\/286331"}],"wp:featuredmedia":[{"embeddable":true,"href":"https:\/\/archive.sana.sy\/tr\/index.php?rest_route=\/wp\/v2\/media\/286330"}],"wp:attachment":[{"href":"https:\/\/archive.sana.sy\/tr\/index.php?rest_route=%2Fwp%2Fv2%2Fmedia&parent=286329"}],"wp:term":[{"taxonomy":"category","embeddable":true,"href":"https:\/\/archive.sana.sy\/tr\/index.php?rest_route=%2Fwp%2Fv2%2Fcategories&post=286329"},{"taxonomy":"post_tag","embeddable":true,"href":"https:\/\/archive.sana.sy\/tr\/index.php?rest_route=%2Fwp%2Fv2%2Ftags&post=286329"}],"curies":[{"name":"wp","href":"https:\/\/api.w.org\/{rel}","templated":true}]}}