{"id":286332,"date":"2023-08-14T12:00:12","date_gmt":"2023-08-14T09:00:12","guid":{"rendered":"https:\/\/sana.sy\/tr\/?p=286332"},"modified":"2023-08-16T08:45:52","modified_gmt":"2023-08-16T05:45:52","slug":"suriye-ve-suudi-futbol-federasyonlari-arasinda-bir-mutabakat-zapti-imzalandi","status":"publish","type":"post","link":"https:\/\/archive.sana.sy\/tr\/?p=286332","title":{"rendered":"Suriye ve Suudi Futbol Federasyonlar\u0131 Aras\u0131nda Bir Mutabakat Zapt\u0131 \u0130mzaland\u0131"},"content":{"rendered":"<p style=\"text-align: justify;\"><strong>R\u0130YAD 14 A\u011fustos (SANA)<\/strong> &#8211; Suriye Futbol Federasyonu Ba\u015fkan\u0131 Salah Ramazan, Suudi mevkida\u015f\u0131 Yasir El Mi\u015fal ile Suudi Arabistan&#8217;da d\u00fczenlenen Arap Futbol Federasyonu konferans\u0131n\u0131n oturum aralar\u0131nda her iki \u00fclkede de futbolu te\u015fvik etmek ve geli\u015ftirmek i\u00e7in bir mutabakat zapt\u0131 imzalad\u0131.<\/p>\n<p style=\"text-align: justify;\">Mutabakat zapt\u0131, hakemler i\u00e7in kapsaml\u0131 e\u011fitim ve antren\u00f6rler i\u00e7in at\u00f6lye \u00e7al\u0131\u015fmalar\u0131n\u0131n yan\u0131 s\u0131ra Suudi Arabistan&#8217;da Suriye milli tak\u0131mlar\u0131 i\u00e7in e\u011fitim kamplar\u0131na ev sahipli\u011fi yapmaya, tomurcuklanan kategorileri geli\u015ftirmeye odaklan\u0131yor.<\/p>\n<p style=\"text-align: justify;\"><a href=\"https:\/\/t.me\/SuriyeArapHaberAjansI\">Telegram Kanal\u0131m\u0131z\u00a0<\/a><\/p>\n<p style=\"text-align: justify;\"><a href=\"https:\/\/www.facebook.com\/SANAHaberAjansi\/\">Facebook Sayfam\u0131z<\/a><\/p>\n<p style=\"text-align: justify;\"><a href=\"https:\/\/twitter.com\/arap_ajans\">Twitter Hesab\u0131m\u0131z<\/a><\/p>\n","protected":false},"excerpt":{"rendered":"<p>R\u0130YAD 14 A\u011fustos (SANA) &#8211; Suriye Futbol Federasyonu Ba\u015fkan\u0131 Salah Ramazan, Suudi mevkida\u015f\u0131 Yasir El Mi\u015fal ile Suudi Arabistan&#8217;da d\u00fczenlenen Arap Futbol Federasyonu konferans\u0131n\u0131n oturum aralar\u0131nda her iki \u00fclkede de futbolu te\u015fvik etmek ve geli\u015ftirmek i\u00e7in bir mutabakat zapt\u0131 imzalad\u0131. Mutabakat zapt\u0131, hakemler i\u00e7in kapsaml\u0131 e\u011fitim ve antren\u00f6rler i\u00e7in at\u00f6lye \u00e7al\u0131\u015fmalar\u0131n\u0131n yan\u0131 s\u0131ra Suudi Arabistan&#8217;da &hellip;<\/p>\n","protected":false},"author":41,"featured_media":286333,"comment_status":"closed","ping_status":"closed","sticky":false,"template":"","format":"standard","meta":{"footnotes":""},"categories":[458,498,459,17988,496],"tags":[39246,38268,39245],"class_list":["post-286332","post","type-post","status-publish","format-standard","has-post-thumbnail","","category-dunya1","category-dunya-turnuvalari","category-haberler-arap-uluslararasi-politika","category-son-haberler","category-spor","tag-suriye-ile-diger-arap-ulkeleri-iliskileri","tag-suriye-ve-suudi-arabistan","tag-suriye-ve-suudi-futbol-federasyonlari-arasinda-bir-mutabakat-zapti-imzalandi"],"_links":{"self":[{"href":"https:\/\/archive.sana.sy\/tr\/index.php?rest_route=\/wp\/v2\/posts\/286332","targetHints":{"allow":["GET"]}}],"collection":[{"href":"https:\/\/archive.sana.sy\/tr\/index.php?rest_route=\/wp\/v2\/posts"}],"about":[{"href":"https:\/\/archive.sana.sy\/tr\/index.php?rest_route=\/wp\/v2\/types\/post"}],"author":[{"embeddable":true,"href":"https:\/\/archive.sana.sy\/tr\/index.php?rest_route=\/wp\/v2\/users\/41"}],"replies":[{"embeddable":true,"href":"https:\/\/archive.sana.sy\/tr\/index.php?rest_route=%2Fwp%2Fv2%2Fcomments&post=286332"}],"version-history":[{"count":1,"href":"https:\/\/archive.sana.sy\/tr\/index.php?rest_route=\/wp\/v2\/posts\/286332\/revisions"}],"predecessor-version":[{"id":286334,"href":"https:\/\/archive.sana.sy\/tr\/index.php?rest_route=\/wp\/v2\/posts\/286332\/revisions\/286334"}],"wp:featuredmedia":[{"embeddable":true,"href":"https:\/\/archive.sana.sy\/tr\/index.php?rest_route=\/wp\/v2\/media\/286333"}],"wp:attachment":[{"href":"https:\/\/archive.sana.sy\/tr\/index.php?rest_route=%2Fwp%2Fv2%2Fmedia&parent=286332"}],"wp:term":[{"taxonomy":"category","embeddable":true,"href":"https:\/\/archive.sana.sy\/tr\/index.php?rest_route=%2Fwp%2Fv2%2Fcategories&post=286332"},{"taxonomy":"post_tag","embeddable":true,"href":"https:\/\/archive.sana.sy\/tr\/index.php?rest_route=%2Fwp%2Fv2%2Ftags&post=286332"}],"curies":[{"name":"wp","href":"https:\/\/api.w.org\/{rel}","templated":true}]}}