{"id":286346,"date":"2023-08-14T19:34:20","date_gmt":"2023-08-14T16:34:20","guid":{"rendered":"https:\/\/sana.sy\/tr\/?p=286346"},"modified":"2023-08-16T08:46:15","modified_gmt":"2023-08-16T05:46:15","slug":"bakan-mahluf-sirbistan-buyukelcisi-ile-iki-ulke-arasindaki-ikili-isbirligi-iliskilerini-masaya-yatirdi","status":"publish","type":"post","link":"https:\/\/archive.sana.sy\/tr\/?p=286346","title":{"rendered":"Bakan Mahluf S\u0131rbistan B\u00fcy\u00fckel\u00e7isi \u0130le \u0130ki \u00dclke Aras\u0131ndaki \u0130kili \u0130\u015fbirli\u011fi \u0130li\u015fkilerini Masaya Yat\u0131rd\u0131"},"content":{"rendered":"<p style=\"text-align: justify;\"><strong>\u015eAM 14 A\u011fustos (SANA)<\/strong> &#8211; Yerel Y\u00f6netim ve \u00c7evre Bakan\u0131\u00a0 H\u00fcseyin Mahluf bug\u00fcn S\u0131rbistan&#8217;\u0131n \u015eam B\u00fcy\u00fckel\u00e7isi Radovan Stojanovi\u00e7 ile iki dost \u00fclke aras\u0131ndaki i\u015fbirli\u011fi ili\u015fkilerini g\u00f6r\u00fc\u015ft\u00fc.<\/p>\n<p style=\"text-align: justify;\">Mahluf, depremden etkilenenlere y\u00f6nelik insani m\u00fcdahale kapsam\u0131nda S\u0131rbistan&#8217;\u0131n Suriye&#8217;ye yapt\u0131\u011f\u0131 insani yard\u0131m\u0131n \u00f6nemine i\u015faret ederek, h\u00fck\u00fcmetin, altyap\u0131 ve yeniden in\u015fa ile ilgili olanlar da dahil olmak \u00fczere, etkilenenlerle ilgili olanlar da dahil olmak \u00fczere, depremin yans\u0131malar\u0131yla ba\u015fa \u00e7\u0131kmak i\u00e7in bir plan haz\u0131rlad\u0131\u011f\u0131n\u0131 a\u00e7\u0131klad\u0131.<\/p>\n<p style=\"text-align: justify;\">Bakan Mahluf ayr\u0131ca, Bat\u0131&#8217;n\u0131n tek tarafl\u0131 ekonomik \u00f6nlemlerinin yaratt\u0131\u011f\u0131 zorluklara, ter\u00f6r sava\u015f\u0131n\u0131n Suriye&#8217;de yaratt\u0131\u011f\u0131 y\u0131k\u0131m\u0131n etkilerinin birikmesine ve bu proje ve planlar\u0131n uygulanmas\u0131n\u0131 etkileyen deprem felaketinin yans\u0131malar\u0131na de\u011findi ve vatanda\u015flar i\u00e7in temel bir ihtiyac\u0131 temsil ettikleri i\u00e7in su depolar\u0131, okullar ve hastaneler de dahil olmak \u00fczere deprem ve ter\u00f6r sava\u015f\u0131ndan zarar g\u00f6ren tesislerin altyap\u0131s\u0131n\u0131 iyile\u015ftirmek i\u00e7in S\u0131rp taraf\u0131yla i\u015fbirli\u011fi olas\u0131l\u0131\u011f\u0131na i\u015faret etti.<\/p>\n<p style=\"text-align: justify;\">Stojanovi\u00e7 ise, h\u00fck\u00fcmet ve S\u0131rp halk\u0131n\u0131n depremden etkilenenlere yapt\u0131\u011f\u0131 insani yard\u0131m\u0131n Suriye halk\u0131yla dayan\u0131\u015fman\u0131n bir ifadesi oldu\u011funu belirterek, deprem iyile\u015ftirme planlar\u0131 kapsam\u0131nda ve ihtiya\u00e7lar \u0131\u015f\u0131\u011f\u0131nda \u00fczerinde anla\u015fmaya var\u0131lan \u00f6nceliklere g\u00f6re ortak projelerin hayata ge\u00e7irilmesi i\u00e7in koordinasyonun devam\u0131na i\u015faret etti.<\/p>\n<p><a href=\"https:\/\/t.me\/SuriyeArapHaberAjansI\">Telegram Kanal\u0131m\u0131z\u00a0<\/a><\/p>\n<p><a href=\"https:\/\/www.facebook.com\/SANAHaberAjansi\/\">Facebook Sayfam\u0131z<\/a><\/p>\n<p><a href=\"https:\/\/twitter.com\/arap_ajans\">Twitter Hesab\u0131m\u0131z<\/a><\/p>\n","protected":false},"excerpt":{"rendered":"<p>\u015eAM 14 A\u011fustos (SANA) &#8211; Yerel Y\u00f6netim ve \u00c7evre Bakan\u0131\u00a0 H\u00fcseyin Mahluf bug\u00fcn S\u0131rbistan&#8217;\u0131n \u015eam B\u00fcy\u00fckel\u00e7isi Radovan Stojanovi\u00e7 ile iki dost \u00fclke aras\u0131ndaki i\u015fbirli\u011fi ili\u015fkilerini g\u00f6r\u00fc\u015ft\u00fc. Mahluf, depremden etkilenenlere y\u00f6nelik insani m\u00fcdahale kapsam\u0131nda S\u0131rbistan&#8217;\u0131n Suriye&#8217;ye yapt\u0131\u011f\u0131 insani yard\u0131m\u0131n \u00f6nemine i\u015faret ederek, h\u00fck\u00fcmetin, altyap\u0131 ve yeniden in\u015fa ile ilgili olanlar da dahil olmak \u00fczere, etkilenenlerle ilgili &hellip;<\/p>\n","protected":false},"author":41,"featured_media":286347,"comment_status":"closed","ping_status":"closed","sticky":false,"template":"","format":"standard","meta":{"footnotes":""},"categories":[479,17988,478],"tags":[39257,38280,39255,19043,39256],"class_list":["post-286346","post","type-post","status-publish","format-standard","has-post-thumbnail","","category-haberler-yerel","category-son-haberler","category-yerel","tag-irbistanin-sam-buyukelcisi-radovan-stojanovic","tag-suriye-ile-normallesme","tag-suriye-ve-sirbistan-arasindaki-iliskiler","tag-suriyede-son-durum","tag-suriyedeki-depremin-etkileri"],"_links":{"self":[{"href":"https:\/\/archive.sana.sy\/tr\/index.php?rest_route=\/wp\/v2\/posts\/286346","targetHints":{"allow":["GET"]}}],"collection":[{"href":"https:\/\/archive.sana.sy\/tr\/index.php?rest_route=\/wp\/v2\/posts"}],"about":[{"href":"https:\/\/archive.sana.sy\/tr\/index.php?rest_route=\/wp\/v2\/types\/post"}],"author":[{"embeddable":true,"href":"https:\/\/archive.sana.sy\/tr\/index.php?rest_route=\/wp\/v2\/users\/41"}],"replies":[{"embeddable":true,"href":"https:\/\/archive.sana.sy\/tr\/index.php?rest_route=%2Fwp%2Fv2%2Fcomments&post=286346"}],"version-history":[{"count":1,"href":"https:\/\/archive.sana.sy\/tr\/index.php?rest_route=\/wp\/v2\/posts\/286346\/revisions"}],"predecessor-version":[{"id":286348,"href":"https:\/\/archive.sana.sy\/tr\/index.php?rest_route=\/wp\/v2\/posts\/286346\/revisions\/286348"}],"wp:featuredmedia":[{"embeddable":true,"href":"https:\/\/archive.sana.sy\/tr\/index.php?rest_route=\/wp\/v2\/media\/286347"}],"wp:attachment":[{"href":"https:\/\/archive.sana.sy\/tr\/index.php?rest_route=%2Fwp%2Fv2%2Fmedia&parent=286346"}],"wp:term":[{"taxonomy":"category","embeddable":true,"href":"https:\/\/archive.sana.sy\/tr\/index.php?rest_route=%2Fwp%2Fv2%2Fcategories&post=286346"},{"taxonomy":"post_tag","embeddable":true,"href":"https:\/\/archive.sana.sy\/tr\/index.php?rest_route=%2Fwp%2Fv2%2Ftags&post=286346"}],"curies":[{"name":"wp","href":"https:\/\/api.w.org\/{rel}","templated":true}]}}