{"id":286350,"date":"2023-08-15T10:11:39","date_gmt":"2023-08-15T07:11:39","guid":{"rendered":"https:\/\/sana.sy\/tr\/?p=286350"},"modified":"2023-08-16T08:46:24","modified_gmt":"2023-08-16T05:46:24","slug":"akbet-cebr-kampinda-israil-isgal-guclerinin-kursunlariyla-2-filistinli-sehit-dustu","status":"publish","type":"post","link":"https:\/\/archive.sana.sy\/tr\/?p=286350","title":{"rendered":"Akbet Cebr Kamp\u0131nda \u0130srail \u0130\u015fgal G\u00fc\u00e7lerinin Kur\u015funlar\u0131yla 2 Filistinli \u015eehit D\u00fc\u015ft\u00fc"},"content":{"rendered":"<p style=\"text-align: justify;\"><strong>\u0130\u015eGAL ED\u0130LEN KUD\u00dcS 15 A\u011fustos (SANA) \u2013 <\/strong>\u0130srail i\u015fgal g\u00fc\u00e7leri, Bat\u0131 \u015eeria&#8217;da Ariha\u2019n\u0131n g\u00fcneyindeki Akbet Cebr kamp\u0131na d\u00fczenledi\u011fi bask\u0131nda iki Filistinliyi \u015fehit d\u00fc\u015ft\u00fc.<\/p>\n<p style=\"text-align: justify;\">WAFA Haber Ajans\u0131, i\u015fgal g\u00fc\u00e7lerinin, Akbet Cebir kamp\u0131na ate\u015f a\u00e7arak bask\u0131n d\u00fczenlemesi sonucu iki gencin \u015fehit d\u00fc\u015ft\u00fc\u011f\u00fcn\u00fc, bir Filistinlinin de tutuklad\u0131\u011f\u0131n\u0131\u00a0 belirtti.<\/p>\n<p style=\"text-align: justify;\">Ajans ayr\u0131ca, Filistin ulusal g\u00fc\u00e7lerinin, iki \u015fehidin ruhlar\u0131n\u0131n i\u00e7in yas tutmak ve i\u015fgalin Filistinlilere kar\u015f\u0131 devam eden su\u00e7lar\u0131n\u0131 reddetmek i\u00e7in kampta kapsaml\u0131 grev ilan etti.<\/p>\n<p style=\"text-align: justify;\"><a href=\"https:\/\/t.me\/SuriyeArapHaberAjansI\">Telegram Kanal\u0131m\u0131z\u00a0<\/a><\/p>\n<p style=\"text-align: justify;\"><a href=\"https:\/\/www.facebook.com\/SANAHaberAjansi\/\">Facebook Sayfam\u0131z<\/a><\/p>\n<p style=\"text-align: justify;\"><a href=\"https:\/\/twitter.com\/arap_ajans\">Twitter Hesab\u0131m\u0131z<\/a><\/p>\n","protected":false},"excerpt":{"rendered":"<p>\u0130\u015eGAL ED\u0130LEN KUD\u00dcS 15 A\u011fustos (SANA) \u2013 \u0130srail i\u015fgal g\u00fc\u00e7leri, Bat\u0131 \u015eeria&#8217;da Ariha\u2019n\u0131n g\u00fcneyindeki Akbet Cebr kamp\u0131na d\u00fczenledi\u011fi bask\u0131nda iki Filistinliyi \u015fehit d\u00fc\u015ft\u00fc. WAFA Haber Ajans\u0131, i\u015fgal g\u00fc\u00e7lerinin, Akbet Cebir kamp\u0131na ate\u015f a\u00e7arak bask\u0131n d\u00fczenlemesi sonucu iki gencin \u015fehit d\u00fc\u015ft\u00fc\u011f\u00fcn\u00fc, bir Filistinlinin de tutuklad\u0131\u011f\u0131n\u0131\u00a0 belirtti. Ajans ayr\u0131ca, Filistin ulusal g\u00fc\u00e7lerinin, iki \u015fehidin ruhlar\u0131n\u0131n i\u00e7in yas &hellip;<\/p>\n","protected":false},"author":39,"featured_media":286351,"comment_status":"closed","ping_status":"closed","sticky":false,"template":"","format":"standard","meta":{"footnotes":""},"categories":[458,459,17988],"tags":[38467,39010,39271,38550],"class_list":["post-286350","post","type-post","status-publish","format-standard","has-post-thumbnail","","category-dunya1","category-haberler-arap-uluslararasi-politika","category-son-haberler","tag-bati-seria","tag-filistinde-son-durum","tag-filistinde-son-gelimeler","tag-wafa-haber-ajansi"],"_links":{"self":[{"href":"https:\/\/archive.sana.sy\/tr\/index.php?rest_route=\/wp\/v2\/posts\/286350","targetHints":{"allow":["GET"]}}],"collection":[{"href":"https:\/\/archive.sana.sy\/tr\/index.php?rest_route=\/wp\/v2\/posts"}],"about":[{"href":"https:\/\/archive.sana.sy\/tr\/index.php?rest_route=\/wp\/v2\/types\/post"}],"author":[{"embeddable":true,"href":"https:\/\/archive.sana.sy\/tr\/index.php?rest_route=\/wp\/v2\/users\/39"}],"replies":[{"embeddable":true,"href":"https:\/\/archive.sana.sy\/tr\/index.php?rest_route=%2Fwp%2Fv2%2Fcomments&post=286350"}],"version-history":[{"count":2,"href":"https:\/\/archive.sana.sy\/tr\/index.php?rest_route=\/wp\/v2\/posts\/286350\/revisions"}],"predecessor-version":[{"id":286372,"href":"https:\/\/archive.sana.sy\/tr\/index.php?rest_route=\/wp\/v2\/posts\/286350\/revisions\/286372"}],"wp:featuredmedia":[{"embeddable":true,"href":"https:\/\/archive.sana.sy\/tr\/index.php?rest_route=\/wp\/v2\/media\/286351"}],"wp:attachment":[{"href":"https:\/\/archive.sana.sy\/tr\/index.php?rest_route=%2Fwp%2Fv2%2Fmedia&parent=286350"}],"wp:term":[{"taxonomy":"category","embeddable":true,"href":"https:\/\/archive.sana.sy\/tr\/index.php?rest_route=%2Fwp%2Fv2%2Fcategories&post=286350"},{"taxonomy":"post_tag","embeddable":true,"href":"https:\/\/archive.sana.sy\/tr\/index.php?rest_route=%2Fwp%2Fv2%2Ftags&post=286350"}],"curies":[{"name":"wp","href":"https:\/\/api.w.org\/{rel}","templated":true}]}}