{"id":286353,"date":"2023-08-14T23:47:43","date_gmt":"2023-08-14T20:47:43","guid":{"rendered":"https:\/\/sana.sy\/tr\/?p=286353"},"modified":"2023-08-16T08:46:20","modified_gmt":"2023-08-16T05:46:20","slug":"moskova-deyrezzor-kirsalinda-ordu-otobusune-duzenlenen-teror-saldirisini-kinadi","status":"publish","type":"post","link":"https:\/\/archive.sana.sy\/tr\/?p=286353","title":{"rendered":"Moskova, Deyrezzor K\u0131rsal\u0131nda Ordu Otob\u00fcs\u00fcne D\u00fczenlenen Ter\u00f6r Sald\u0131r\u0131s\u0131n\u0131 K\u0131nad\u0131"},"content":{"rendered":"<p style=\"text-align: justify;\"><strong>MOSKOVA 15 A\u011fustos (SANA) \u2013 <\/strong>Rusya, Deyrezzor k\u0131rsal\u0131nda Suriye Arap Ordusu&#8217;na ait bir otob\u00fcs\u00fc hedef alan ter\u00f6r eylemini k\u0131nad\u0131 ve olaydan Amerika Birle\u015fik Devletleri&#8217;ni ve \u201cI\u015e\u0130D\u201d dahil ter\u00f6r \u00f6rg\u00fctlerini sorumlu tuttu.<\/p>\n<p style=\"text-align: justify;\">Russia Today aktard\u0131\u011f\u0131na g\u00f6re, Rusya D\u0131\u015fi\u015fleri Bakanl\u0131\u011f\u0131&#8217;n\u0131n internet sitesinde yer alan a\u00e7\u0131klamada, &#8221;bu ter\u00f6r eylemini \u015fiddetle k\u0131n\u0131yoruz, hayat\u0131n\u0131 kaybedenlerin ailelerine ba\u015fsa\u011fl\u0131\u011f\u0131, yaral\u0131lara acil \u015fifalar diliyoruz, ter\u00f6rle m\u00fccadelede Suriye h\u00fck\u00fcmeti ve halk\u0131yla dayan\u0131\u015fma i\u00e7inde oldu\u011fumuzu ifade ediyoruz&#8221; dedi.<\/p>\n<p style=\"text-align: justify;\">Bakanl\u0131k ayr\u0131ca, Suriye&#8217;deki yasad\u0131\u015f\u0131 ABD askeri varl\u0131\u011f\u0131n\u0131n b\u00f6lgedeki istikrar\u0131 bozan ana fakt\u00f6rlerden biri oldu\u011funu, Washington&#8217;un politikas\u0131n\u0131n kuzeydo\u011fu Suriye&#8217;de petrol, gaz ve tar\u0131msal kaynaklar a\u00e7\u0131s\u0131ndan zengin geni\u015f alanlar\u0131 i\u015fgal etmeyi ama\u00e7lad\u0131\u011f\u0131n\u0131 ve Suriye \u00fczerindeki yapt\u0131r\u0131mlar\u0131n devam eden bask\u0131s\u0131 b\u00f6lgedeki sosyal ve ekonomik durumun daha da k\u00f6t\u00fcle\u015fmesine yol a\u00e7t\u0131\u011f\u0131n\u0131 ve b\u00f6lgedeki a\u015f\u0131r\u0131l\u0131k yanl\u0131s\u0131 yeralt\u0131 hareketini harekete ge\u00e7irdi\u011fini belirtti.<\/p>\n<p style=\"text-align: justify;\"><a href=\"https:\/\/t.me\/SuriyeArapHaberAjansI\">Telegram Kanal\u0131m\u0131z\u00a0<\/a><\/p>\n<p style=\"text-align: justify;\"><a href=\"https:\/\/www.facebook.com\/SANAHaberAjansi\/\">Facebook Sayfam\u0131z<\/a><\/p>\n<p style=\"text-align: justify;\"><a href=\"https:\/\/twitter.com\/arap_ajans\">Twitter Hesab\u0131m\u0131z<\/a><\/p>\n","protected":false},"excerpt":{"rendered":"<p>MOSKOVA 15 A\u011fustos (SANA) \u2013 Rusya, Deyrezzor k\u0131rsal\u0131nda Suriye Arap Ordusu&#8217;na ait bir otob\u00fcs\u00fc hedef alan ter\u00f6r eylemini k\u0131nad\u0131 ve olaydan Amerika Birle\u015fik Devletleri&#8217;ni ve \u201cI\u015e\u0130D\u201d dahil ter\u00f6r \u00f6rg\u00fctlerini sorumlu tuttu. Russia Today aktard\u0131\u011f\u0131na g\u00f6re, Rusya D\u0131\u015fi\u015fleri Bakanl\u0131\u011f\u0131&#8217;n\u0131n internet sitesinde yer alan a\u00e7\u0131klamada, &#8221;bu ter\u00f6r eylemini \u015fiddetle k\u0131n\u0131yoruz, hayat\u0131n\u0131 kaybedenlerin ailelerine ba\u015fsa\u011fl\u0131\u011f\u0131, yaral\u0131lara acil \u015fifalar &hellip;<\/p>\n","protected":false},"author":39,"featured_media":286354,"comment_status":"closed","ping_status":"closed","sticky":false,"template":"","format":"standard","meta":{"footnotes":""},"categories":[458,459,17988],"tags":[39266,39268,39269,39267,17036,39270],"class_list":["post-286353","post","type-post","status-publish","format-standard","has-post-thumbnail","","category-dunya1","category-haberler-arap-uluslararasi-politika","category-son-haberler","tag-deyrezzor-kirsalinda-ordu-otobusune-duzenlenen-teror-saldirisini-kinadi","tag-deyrezzor-sehri","tag-deyrezzorda-konuslanan-teror-orgutleri","tag-eyrezzor-kirsalinda-suriye-arap-ordusu","tag-moskova","tag-suriyedeki-yasadisi-abd-askeri-varligi"],"_links":{"self":[{"href":"https:\/\/archive.sana.sy\/tr\/index.php?rest_route=\/wp\/v2\/posts\/286353","targetHints":{"allow":["GET"]}}],"collection":[{"href":"https:\/\/archive.sana.sy\/tr\/index.php?rest_route=\/wp\/v2\/posts"}],"about":[{"href":"https:\/\/archive.sana.sy\/tr\/index.php?rest_route=\/wp\/v2\/types\/post"}],"author":[{"embeddable":true,"href":"https:\/\/archive.sana.sy\/tr\/index.php?rest_route=\/wp\/v2\/users\/39"}],"replies":[{"embeddable":true,"href":"https:\/\/archive.sana.sy\/tr\/index.php?rest_route=%2Fwp%2Fv2%2Fcomments&post=286353"}],"version-history":[{"count":3,"href":"https:\/\/archive.sana.sy\/tr\/index.php?rest_route=\/wp\/v2\/posts\/286353\/revisions"}],"predecessor-version":[{"id":286371,"href":"https:\/\/archive.sana.sy\/tr\/index.php?rest_route=\/wp\/v2\/posts\/286353\/revisions\/286371"}],"wp:featuredmedia":[{"embeddable":true,"href":"https:\/\/archive.sana.sy\/tr\/index.php?rest_route=\/wp\/v2\/media\/286354"}],"wp:attachment":[{"href":"https:\/\/archive.sana.sy\/tr\/index.php?rest_route=%2Fwp%2Fv2%2Fmedia&parent=286353"}],"wp:term":[{"taxonomy":"category","embeddable":true,"href":"https:\/\/archive.sana.sy\/tr\/index.php?rest_route=%2Fwp%2Fv2%2Fcategories&post=286353"},{"taxonomy":"post_tag","embeddable":true,"href":"https:\/\/archive.sana.sy\/tr\/index.php?rest_route=%2Fwp%2Fv2%2Ftags&post=286353"}],"curies":[{"name":"wp","href":"https:\/\/api.w.org\/{rel}","templated":true}]}}