{"id":286356,"date":"2023-08-15T13:48:48","date_gmt":"2023-08-15T10:48:48","guid":{"rendered":"https:\/\/sana.sy\/tr\/?p=286356"},"modified":"2023-08-17T08:36:35","modified_gmt":"2023-08-17T05:36:35","slug":"tumgeneral-abbas-amerika-ve-muttefikleri-irak-libya-lubnan-ve-suriye-gibi-ulkeleri-yok-etmeye-calisti","status":"publish","type":"post","link":"https:\/\/archive.sana.sy\/tr\/?p=286356","title":{"rendered":"T\u00fcmgeneral \u00a0Abbas: Amerika Ve M\u00fcttefikleri Irak, Libya, L\u00fcbnan Ve Suriye Gibi \u00dclkeleri Yok Etmeye \u00c7al\u0131\u015ft\u0131"},"content":{"rendered":"<p style=\"text-align: justify;\"><strong>MOSKOVA 15 A\u011fustos (SANA) \u2013 \u00a0<\/strong>Savunma Bakan\u0131 T\u00fcmgeneral Ali Mahmud Abbas, bir\u00e7ok \u00fclkenin s\u00f6m\u00fcrgeci Bat\u0131&#8217;n\u0131n k\u00f6t\u00fcl\u00fcklerinden \u015fikayet\u00e7i oldu\u011funu vurgularken, &#8221;Amerika ve m\u00fcttefikleri Irak, Libya, L\u00fcbnan ve Suriye gibi 12 y\u0131l\u0131 a\u015fk\u0131n bir s\u00fcredir bu \u00fclkelerin sald\u0131r\u0131 ve ter\u00f6r\u00fcnden \u015fikayet\u00e7i olan \u00fclkeleri yok etmek i\u00e7in \u00e7at\u0131\u015fmalar\u0131 k\u0131\u015fk\u0131rtarak ve ter\u00f6r \u00f6rg\u00fctlerini destekleyerek \u00e7al\u0131\u015ft\u0131lar&#8221; dedi.<\/p>\n<p style=\"text-align: justify;\">T\u00fcmgeneral Abbas, 11. Moskova Uluslararas\u0131 G\u00fcvenlik Konferans\u0131&#8217;nda yapt\u0131\u011f\u0131 konu\u015fmada, &#8220;Bug\u00fcn burada bulu\u015fuyoruz ve d\u00fcnya, farkl\u0131 b\u00f6lgelerde ihtilaflar\u0131n ve \u00e7at\u0131\u015fmalar\u0131n yo\u011funlu\u011funun artt\u0131\u011f\u0131na tan\u0131k oluyor ve bu, bizim ve halklar\u0131m\u0131z\u0131n arzulad\u0131\u011f\u0131 daha iyi bir g\u00fcvenlik durumuna ula\u015fmak i\u00e7in ek etkili \u00e7abalar ve ciddi i\u015fbirli\u011fi gerektiriyor&#8221; dedi.<\/p>\n<p style=\"text-align: justify;\"><img loading=\"lazy\" decoding=\"async\" class=\"size-medium wp-image-286361 alignright\" src=\"http:\/\/sana.sy\/tr\/wp-content\/uploads\/2023\/08\/00000-2-300x168.jpg\" alt=\"\" width=\"300\" height=\"168\" srcset=\"https:\/\/archive.sana.sy\/tr\/wp-content\/uploads\/2023\/08\/00000-2-300x168.jpg 300w, https:\/\/archive.sana.sy\/tr\/wp-content\/uploads\/2023\/08\/00000-2.jpg 660w\" sizes=\"auto, (max-width: 300px) 100vw, 300px\" \/>Savunma Bakan\u0131 Abbas ayr\u0131ca, &#8221;Silahl\u0131 kuvvetlerimizin dostlar\u0131n\u0131n da yard\u0131m\u0131yla sald\u0131rganl\u0131\u011f\u0131 yenme ve ter\u00f6rizmin b\u00fcy\u00fck bir b\u00f6l\u00fcm\u00fcn\u00fc ortadan kald\u0131rma ba\u015far\u0131s\u0131ndan sonra, bu \u00fclkeler Suriye halk\u0131na kar\u015f\u0131 ekonomik bir sava\u015f ve \u00f6l\u00fcmc\u00fcl bir ku\u015fatma y\u00fcr\u00fctme yoluna gittiler. Washington ve m\u00fcttefikleri hala bu ter\u00f6r\u00fc desteklemekte \u0131srar ediyorlar&#8221; ifadelerini s\u00f6zlerine ekledi.<\/p>\n<p style=\"text-align: justify;\">Abbas konu\u015fmas\u0131nda da, Amerikan-Bat\u0131 koalisyonunun Suriye&#8217;deki \u00f6nemli b\u00f6lgeleri i\u015fgal etti\u011fine, servetimizi ve halk\u0131m\u0131z\u0131n yeteneklerini \u00e7ald\u0131\u011f\u0131na ve s\u00f6m\u00fcrgeci ama\u00e7lar\u0131na ve g\u00fcndemlerine hizmet eden ter\u00f6rizmi ve ayr\u0131l\u0131k\u00e7\u0131 milisleri destekledi\u011fine dikkat \u00e7ekerken, T\u00fcrkiye&#8217;nin Suriye&#8217;nin baz\u0131 k\u0131s\u0131mlar\u0131n\u0131 i\u015fgal etmesinin ve i\u015fgal etti\u011fi b\u00f6lgelerde i\u015fledi\u011fi su\u00e7 eylemlerinin, uluslararas\u0131 s\u00f6zle\u015fme ve normlar\u0131n alenen ihlali ve egemen ve ba\u011f\u0131ms\u0131z bir \u00fclkeye a\u00e7\u0131k bir sald\u0131r\u0131 anlam\u0131na geldi\u011fini kaydetti.<\/p>\n<p style=\"text-align: justify;\"><img loading=\"lazy\" decoding=\"async\" class=\"size-medium wp-image-286362 alignright\" src=\"http:\/\/sana.sy\/tr\/wp-content\/uploads\/2023\/08\/1-21-300x197.jpg\" alt=\"\" width=\"300\" height=\"197\" srcset=\"https:\/\/archive.sana.sy\/tr\/wp-content\/uploads\/2023\/08\/1-21-300x197.jpg 300w, https:\/\/archive.sana.sy\/tr\/wp-content\/uploads\/2023\/08\/1-21-310x205.jpg 310w, https:\/\/archive.sana.sy\/tr\/wp-content\/uploads\/2023\/08\/1-21.jpg 660w\" sizes=\"auto, (max-width: 300px) 100vw, 300px\" \/> \u0130srail i\u015fgal varl\u0131\u011f\u0131n\u0131n b\u00f6lgenin g\u00fcvenlik ve istikrar\u0131n\u0131 tehdit eden en \u00f6nemli unsuru olu\u015fturdu\u011funu ve ABD&#8217;nin b\u00f6lgeye y\u00f6nelik sald\u0131r\u0131lar\u0131nda vazge\u00e7ilmez bir ortak oldu\u011funu belirten Abbas, ba\u015fta sald\u0131rgan Amerikan politikalar\u0131 ve uluslararas\u0131 karar\u0131 tekelle\u015ftirme giri\u015fimleri olmak \u00fczere k\u00fcresel tehdit ve risklerle m\u00fccadele ba\u011flam\u0131nda g\u00f6sterdikleri b\u00fcy\u00fck \u00e7abalar i\u00e7in Rusya Federasyonu&#8217;na ve t\u00fcm aktif ve etkili \u00fclkelere te\u015fekk\u00fcr etti.<\/p>\n<p style=\"text-align: justify;\">Savunma Bakan\u0131, Suriye Arap Ordusu&#8217;nun dostlar\u0131n\u0131n yard\u0131m\u0131yla sald\u0131rganl\u0131\u011f\u0131 yenme ve ter\u00f6rizmin b\u00fcy\u00fck bir b\u00f6l\u00fcm\u00fcn\u00fc ortadan kald\u0131rma ba\u015far\u0131s\u0131n\u0131n ard\u0131ndan, bu \u00fclkelerin Suriye halk\u0131na kar\u015f\u0131 ekonomik bir sava\u015f ve \u00f6l\u00fcmc\u00fcl bir ku\u015fatma y\u00fcr\u00fctmeye ba\u015fvurduklar\u0131na i\u015faret etti.<\/p>\n<p style=\"text-align: justify;\">Abbas konu\u015fmas\u0131na \u015f\u00f6yle devam etti: &#8221;Bu meydan okuma ve tehditlerden biri de bir\u00e7ok \u00fclkenin b\u00fcy\u00fck bir b\u00f6l\u00fcm\u00fcn\u00fc kontrol eden ve hedef \u00fclkenin g\u00fcc\u00fcn\u00fc baltalamaya \u00e7al\u0131\u015fan yabanc\u0131 i\u015fgalidir. Bunun kan\u0131t\u0131, Suriye&#8217;nin \u00f6nemli b\u00f6lgelerini i\u015fgal eden ABD-Bat\u0131 koalisyon g\u00fc\u00e7lerinin y\u0131llard\u0131r Suriye&#8217;de olup bitenlerdir. Zenginli\u011fimizi ve \u00e7al\u0131\u015fanlar\u0131m\u0131z\u0131n yeteneklerini \u00e7al\u0131yor. S\u00f6m\u00fcrge hedeflerine ve g\u00fcndemlerine hizmet eden ter\u00f6rizmi, silahl\u0131 \u00e7eteleri ve ayr\u0131l\u0131k\u00e7\u0131 milisleri destekler. Bu ba\u011flam, T\u00fcrkiye&#8217;nin Suriye&#8217;nin baz\u0131 b\u00f6lgelerini i\u015fgal etmesinden ve i\u015fgal etti\u011fi b\u00f6lgelerde i\u015fledi\u011fi su\u00e7lardan farkl\u0131 de\u011fildir. Bu, uluslararas\u0131 s\u00f6zle\u015fmelerin ve normlar\u0131n alenen ihlalini ve egemen ve <img loading=\"lazy\" decoding=\"async\" class=\"size-full wp-image-286379 alignright\" src=\"http:\/\/sana.sy\/tr\/wp-content\/uploads\/2023\/08\/photo_2023-08-15_12-53-45-copy-300x198-1.jpg\" alt=\"\" width=\"300\" height=\"198\" \/>ba\u011f\u0131ms\u0131z bir \u00fclkeye alenen sald\u0131r\u0131 te\u015fkil eder.&#8221;<\/p>\n<p style=\"text-align: justify;\">Bakan Abbas, \u00f6zellikle teknik geli\u015fmeler ve \u00fclkelerin ulusal g\u00fcvenliklerini korumak i\u00e7in ba\u015fvurduklar\u0131 ihtiyati tedbirler \u0131\u015f\u0131\u011f\u0131nda, meydan okumalar ve tehditler aras\u0131nda silahlanma yar\u0131\u015f\u0131 ve onun dengesizli\u011fi oldu\u011funa dikkat \u00e7ekerken,\u00a0\u00a0sald\u0131rgan uygulamalar\u0131, ter\u00f6r\u00fc destekleyen yay\u0131lmac\u0131 politikalar\u0131, ABD ve Bat\u0131 d\u00fc\u015fmanca politikalar\u0131yla Siyonist i\u015fgal varl\u0131\u011f\u0131n\u0131n Ortado\u011fu b\u00f6lgesinin g\u00fcvenlik ve istikrar\u0131n\u0131 tehdit eden en \u00f6nemli unsuru olu\u015fturdu\u011funu belirtti.<\/p>\n<p style=\"text-align: justify;\">Say\u0131n T\u00fcmgeneral Savunma Bakan\u0131, k\u00fcresel tehdit ve risklere kar\u015f\u0131 koyma \u00e7er\u00e7evesinde g\u00f6sterilen b\u00fcy\u00fck \u00e7abalardan dolay\u0131 Rusya Federasyonu&#8217;na ve d\u00fcnyadaki veya b\u00f6lgedeki t\u00fcm aktif ve etkili \u00fclkelere Suriye&#8217;nin te\u015fekk\u00fcr ve takdirini dile getirdi ve \u00a0\u00fclkelerimizin kal\u0131c\u0131 ve s\u00fcrekli \u00e7abas\u0131n\u0131n, kom\u015fu \u00fclkelerin veya d\u00fcnyan\u0131n herhangi bir co\u011frafi b\u00f6lgesindeki herhangi bir \u00fclkenin \u00e7\u0131karlar\u0131yla hi\u00e7bir \u015fekilde \u00e7eli\u015fmeyen ulusal \u00e7\u0131karlardan kaynaklanmas\u0131 gerekti\u011fini de vurgulad\u0131.<\/p>\n<p><a href=\"https:\/\/t.me\/SuriyeArapHaberAjansI\">Telegram Kanal\u0131m\u0131z\u00a0<\/a><\/p>\n<p><a href=\"https:\/\/www.facebook.com\/SANAHaberAjansi\/\">Facebook Sayfam\u0131z<\/a><\/p>\n<p><a href=\"https:\/\/twitter.com\/arap_ajans\">Twitter Hesab\u0131m\u0131z<\/a><\/p>\n","protected":false},"excerpt":{"rendered":"<p>MOSKOVA 15 A\u011fustos (SANA) \u2013 \u00a0Savunma Bakan\u0131 T\u00fcmgeneral Ali Mahmud Abbas, bir\u00e7ok \u00fclkenin s\u00f6m\u00fcrgeci Bat\u0131&#8217;n\u0131n k\u00f6t\u00fcl\u00fcklerinden \u015fikayet\u00e7i oldu\u011funu vurgularken, &#8221;Amerika ve m\u00fcttefikleri Irak, Libya, L\u00fcbnan ve Suriye gibi 12 y\u0131l\u0131 a\u015fk\u0131n bir s\u00fcredir bu \u00fclkelerin sald\u0131r\u0131 ve ter\u00f6r\u00fcnden \u015fikayet\u00e7i olan \u00fclkeleri yok etmek i\u00e7in \u00e7at\u0131\u015fmalar\u0131 k\u0131\u015fk\u0131rtarak ve ter\u00f6r \u00f6rg\u00fctlerini destekleyerek \u00e7al\u0131\u015ft\u0131lar&#8221; dedi. T\u00fcmgeneral Abbas, 11. &hellip;<\/p>\n","protected":false},"author":39,"featured_media":286357,"comment_status":"closed","ping_status":"closed","sticky":false,"template":"","format":"standard","meta":{"footnotes":""},"categories":[458,459,17988],"tags":[39258,39260,787,39261,39259],"class_list":["post-286356","post","type-post","status-publish","format-standard","has-post-thumbnail","","category-dunya1","category-haberler-arap-uluslararasi-politika","category-son-haberler","tag-11-moskova-uluslararasi-guvenlik-konferansi","tag-amerika-ve-muttefikleri-irak","tag-libya","tag-lubnan-ve-suriye-gibi-ulkeleri-yok-etmeye-calisti","tag-somurgeci-bati"],"_links":{"self":[{"href":"https:\/\/archive.sana.sy\/tr\/index.php?rest_route=\/wp\/v2\/posts\/286356","targetHints":{"allow":["GET"]}}],"collection":[{"href":"https:\/\/archive.sana.sy\/tr\/index.php?rest_route=\/wp\/v2\/posts"}],"about":[{"href":"https:\/\/archive.sana.sy\/tr\/index.php?rest_route=\/wp\/v2\/types\/post"}],"author":[{"embeddable":true,"href":"https:\/\/archive.sana.sy\/tr\/index.php?rest_route=\/wp\/v2\/users\/39"}],"replies":[{"embeddable":true,"href":"https:\/\/archive.sana.sy\/tr\/index.php?rest_route=%2Fwp%2Fv2%2Fcomments&post=286356"}],"version-history":[{"count":9,"href":"https:\/\/archive.sana.sy\/tr\/index.php?rest_route=\/wp\/v2\/posts\/286356\/revisions"}],"predecessor-version":[{"id":286381,"href":"https:\/\/archive.sana.sy\/tr\/index.php?rest_route=\/wp\/v2\/posts\/286356\/revisions\/286381"}],"wp:featuredmedia":[{"embeddable":true,"href":"https:\/\/archive.sana.sy\/tr\/index.php?rest_route=\/wp\/v2\/media\/286357"}],"wp:attachment":[{"href":"https:\/\/archive.sana.sy\/tr\/index.php?rest_route=%2Fwp%2Fv2%2Fmedia&parent=286356"}],"wp:term":[{"taxonomy":"category","embeddable":true,"href":"https:\/\/archive.sana.sy\/tr\/index.php?rest_route=%2Fwp%2Fv2%2Fcategories&post=286356"},{"taxonomy":"post_tag","embeddable":true,"href":"https:\/\/archive.sana.sy\/tr\/index.php?rest_route=%2Fwp%2Fv2%2Ftags&post=286356"}],"curies":[{"name":"wp","href":"https:\/\/api.w.org\/{rel}","templated":true}]}}