{"id":286397,"date":"2023-08-15T14:00:36","date_gmt":"2023-08-15T11:00:36","guid":{"rendered":"https:\/\/sana.sy\/tr\/?p=286397"},"modified":"2023-08-16T08:46:28","modified_gmt":"2023-08-16T05:46:28","slug":"46-marmarita-karnavali-bolge-medeniyetinin-sosyal-ve-kulturel-goruntuleri","status":"publish","type":"post","link":"https:\/\/archive.sana.sy\/tr\/?p=286397","title":{"rendered":"46. Marmarita Karnaval\u0131&#8230; B\u00f6lge Medeniyetinin Sosyal Ve K\u00fclt\u00fcrel G\u00f6r\u00fcnt\u00fcleri"},"content":{"rendered":"<p><strong>HUMUS 15 A\u011fustos (SANA)<\/strong> &#8211; Sivil ve halk etkinliklerinin ve b\u00f6lgeden gurbet\u00e7ilerin kat\u0131l\u0131m\u0131yla ger\u00e7ekle\u015fen <img loading=\"lazy\" decoding=\"async\" class=\"size-full wp-image-286399 alignright\" src=\"http:\/\/sana.sy\/tr\/wp-content\/uploads\/2023\/08\/1692028852693-300x170-1.jpg\" alt=\"\" width=\"300\" height=\"170\" \/>Marmarita Karnaval\u0131, Meryem Ana&#8217;n\u0131n G\u00f6\u011fe Kabul\u00fc m\u00fcnasebetiyle her y\u0131l d\u00fczenlenen etkinlikle her y\u0131l ne\u015fe ve mutluluk yaymaya devam ediyor.<\/p>\n<p>46. \u200b\u200by\u0131l\u0131nda d\u00fczenlenen karnaval, Humus&#8217;un bat\u0131 k\u0131rsal\u0131ndaki Marmarita kasabas\u0131n\u0131 gezdi. \u00c7e\u015fitli sanatsal paragraflar, dans resimleri ve arabalara monte edilmi\u015f etkileyici \u00e7izgi film fig\u00fcrleri, k\u0131l\u0131k de\u011fi\u015ftirmi\u015f sanatsal ekipler ve oyun izci ekipleri e\u015fli\u011finde sundu.<\/p>\n<p>Karnaval organizat\u00f6rlerinden Zahir Yaz\u0131c\u0131, SANA&#8217;ya yapt\u0131\u011f\u0131 a\u00e7\u0131klamada, \u2018\u2019Karnaval, Marmarita halk\u0131n\u0131n se\u00e7kin k\u00fclt\u00fcrel karakterini yans\u0131tan sosyal ve k\u00fclt\u00fcrel bir durumu temsil etmesi nedeniyle, kasaba halk\u0131n\u0131n ve yurt i\u00e7i ve <img loading=\"lazy\" decoding=\"async\" class=\"size-full wp-image-286400 alignright\" src=\"http:\/\/sana.sy\/tr\/wp-content\/uploads\/2023\/08\/1692028852661-300x163-1.jpg\" alt=\"\" width=\"300\" height=\"163\" \/>yurt d\u0131\u015f\u0131nda halk\u0131n haz\u0131rlan\u0131p kat\u0131ld\u0131\u011f\u0131 y\u0131ll\u0131k bir gelenektir\u2019\u2019 dedi.<\/p>\n<p>20 y\u0131ld\u0131r \u0130sve\u00e7&#8217;te ya\u015fayan Dana El Hal, bayram\u0131n co\u015fkusunu, sevgisini \u00fclkesinde ya\u015famak i\u00e7in karnavala kat\u0131lmaya geldi\u011fini belirtti.<\/p>\n<p>Cezire&#8217;nin Suriyeli k\u0131z\u0131 Vurud Lahdu ise karnaval\u0131n estetik ve sanatsal karakterini \u00f6zg\u00fcn ve g\u00fczel tasar\u0131mlarla yans\u0131tan kolektif bir \u00e7aban\u0131n sonucu olmas\u0131 nedeniyle kendine \u00f6zg\u00fc bir toplumsal durum olu\u015fturdu\u011funu g\u00f6rd\u00fc.<\/p>\n<p>Tevfik Faur, bu karnavalda ne\u015fe ve samimiyeti kutlamak i\u00e7in farkl\u0131 illerden Suriye halk\u0131n\u0131 bir araya getiren Marmarita halk\u0131n\u0131n korudu\u011fu sosyal ve dini rit\u00fcelleri \u00f6vd\u00fc.<\/p>\n<div id='gallery-1' class='gallery galleryid-286397 gallery-columns-3 gallery-size-thumbnail'><figure class='gallery-item'>\n\t\t\t<div class='gallery-icon landscape'>\n\t\t\t\t<a href='https:\/\/archive.sana.sy\/tr\/?attachment_id=286401'><img loading=\"lazy\" decoding=\"async\" width=\"150\" height=\"150\" src=\"https:\/\/archive.sana.sy\/tr\/wp-content\/uploads\/2023\/08\/1692028852358-150x150.jpg\" class=\"attachment-thumbnail size-thumbnail\" alt=\"\" \/><\/a>\n\t\t\t<\/div><\/figure><figure class='gallery-item'>\n\t\t\t<div class='gallery-icon landscape'>\n\t\t\t\t<a href='https:\/\/archive.sana.sy\/tr\/?attachment_id=286402'><img loading=\"lazy\" decoding=\"async\" width=\"150\" height=\"150\" src=\"https:\/\/archive.sana.sy\/tr\/wp-content\/uploads\/2023\/08\/1692028852562-150x150.jpg\" class=\"attachment-thumbnail size-thumbnail\" alt=\"\" \/><\/a>\n\t\t\t<\/div><\/figure><figure class='gallery-item'>\n\t\t\t<div class='gallery-icon landscape'>\n\t\t\t\t<a href='https:\/\/archive.sana.sy\/tr\/?attachment_id=286403'><img loading=\"lazy\" decoding=\"async\" width=\"150\" height=\"150\" src=\"https:\/\/archive.sana.sy\/tr\/wp-content\/uploads\/2023\/08\/1692028852609-150x150.jpg\" class=\"attachment-thumbnail size-thumbnail\" alt=\"\" \/><\/a>\n\t\t\t<\/div><\/figure><figure class='gallery-item'>\n\t\t\t<div class='gallery-icon landscape'>\n\t\t\t\t<a href='https:\/\/archive.sana.sy\/tr\/?attachment_id=286404'><img loading=\"lazy\" decoding=\"async\" width=\"150\" height=\"150\" src=\"https:\/\/archive.sana.sy\/tr\/wp-content\/uploads\/2023\/08\/1692028852647-150x150.jpg\" class=\"attachment-thumbnail size-thumbnail\" alt=\"\" \/><\/a>\n\t\t\t<\/div><\/figure><figure class='gallery-item'>\n\t\t\t<div class='gallery-icon landscape'>\n\t\t\t\t<a href='https:\/\/archive.sana.sy\/tr\/?attachment_id=286405'><img loading=\"lazy\" decoding=\"async\" width=\"150\" height=\"150\" src=\"https:\/\/archive.sana.sy\/tr\/wp-content\/uploads\/2023\/08\/1692028852677-150x150.jpg\" class=\"attachment-thumbnail size-thumbnail\" alt=\"\" \/><\/a>\n\t\t\t<\/div><\/figure><figure class='gallery-item'>\n\t\t\t<div class='gallery-icon landscape'>\n\t\t\t\t<a href='https:\/\/archive.sana.sy\/tr\/?attachment_id=286406'><img loading=\"lazy\" decoding=\"async\" width=\"150\" height=\"150\" src=\"https:\/\/archive.sana.sy\/tr\/wp-content\/uploads\/2023\/08\/1692028852684-150x150.jpg\" class=\"attachment-thumbnail size-thumbnail\" alt=\"\" \/><\/a>\n\t\t\t<\/div><\/figure>\n\t\t<\/div>\n\n<p><a href=\"https:\/\/t.me\/SuriyeArapHaberAjansI\">Telegram Kanal\u0131m\u0131z\u00a0<\/a><\/p>\n<p><a href=\"https:\/\/www.facebook.com\/SANAHaberAjansi\/\">Facebook Sayfam\u0131z<\/a><\/p>\n<p><a href=\"https:\/\/twitter.com\/arap_ajans\">Twitter Hesab\u0131m\u0131z<\/a><\/p>\n","protected":false},"excerpt":{"rendered":"<p>HUMUS 15 A\u011fustos (SANA) &#8211; Sivil ve halk etkinliklerinin ve b\u00f6lgeden gurbet\u00e7ilerin kat\u0131l\u0131m\u0131yla ger\u00e7ekle\u015fen Marmarita Karnaval\u0131, Meryem Ana&#8217;n\u0131n G\u00f6\u011fe Kabul\u00fc m\u00fcnasebetiyle her y\u0131l d\u00fczenlenen etkinlikle her y\u0131l ne\u015fe ve mutluluk yaymaya devam ediyor. 46. \u200b\u200by\u0131l\u0131nda d\u00fczenlenen karnaval, Humus&#8217;un bat\u0131 k\u0131rsal\u0131ndaki Marmarita kasabas\u0131n\u0131 gezdi. \u00c7e\u015fitli sanatsal paragraflar, dans resimleri ve arabalara monte edilmi\u015f etkileyici \u00e7izgi film &hellip;<\/p>\n","protected":false},"author":41,"featured_media":286398,"comment_status":"closed","ping_status":"closed","sticky":false,"template":"","format":"standard","meta":{"footnotes":""},"categories":[516,479,511,17988,478],"tags":[19174,22182,24911],"class_list":["post-286397","post","type-post","status-publish","format-standard","has-post-thumbnail","","category-haberler-kultur-ve-sanat","category-haberler-yerel","category-kultur-ve-sanat","category-son-haberler","category-yerel","tag-suriyede-son-durumlar","tag-suriyede-savas","tag-suriyede-son-gelismeler"],"_links":{"self":[{"href":"https:\/\/archive.sana.sy\/tr\/index.php?rest_route=\/wp\/v2\/posts\/286397","targetHints":{"allow":["GET"]}}],"collection":[{"href":"https:\/\/archive.sana.sy\/tr\/index.php?rest_route=\/wp\/v2\/posts"}],"about":[{"href":"https:\/\/archive.sana.sy\/tr\/index.php?rest_route=\/wp\/v2\/types\/post"}],"author":[{"embeddable":true,"href":"https:\/\/archive.sana.sy\/tr\/index.php?rest_route=\/wp\/v2\/users\/41"}],"replies":[{"embeddable":true,"href":"https:\/\/archive.sana.sy\/tr\/index.php?rest_route=%2Fwp%2Fv2%2Fcomments&post=286397"}],"version-history":[{"count":1,"href":"https:\/\/archive.sana.sy\/tr\/index.php?rest_route=\/wp\/v2\/posts\/286397\/revisions"}],"predecessor-version":[{"id":286407,"href":"https:\/\/archive.sana.sy\/tr\/index.php?rest_route=\/wp\/v2\/posts\/286397\/revisions\/286407"}],"wp:featuredmedia":[{"embeddable":true,"href":"https:\/\/archive.sana.sy\/tr\/index.php?rest_route=\/wp\/v2\/media\/286398"}],"wp:attachment":[{"href":"https:\/\/archive.sana.sy\/tr\/index.php?rest_route=%2Fwp%2Fv2%2Fmedia&parent=286397"}],"wp:term":[{"taxonomy":"category","embeddable":true,"href":"https:\/\/archive.sana.sy\/tr\/index.php?rest_route=%2Fwp%2Fv2%2Fcategories&post=286397"},{"taxonomy":"post_tag","embeddable":true,"href":"https:\/\/archive.sana.sy\/tr\/index.php?rest_route=%2Fwp%2Fv2%2Ftags&post=286397"}],"curies":[{"name":"wp","href":"https:\/\/api.w.org\/{rel}","templated":true}]}}