{"id":28641,"date":"2015-04-05T12:18:31","date_gmt":"2015-04-05T09:18:31","guid":{"rendered":"http:\/\/www.sana.sy\/tr\/?p=28641"},"modified":"2015-04-05T12:18:31","modified_gmt":"2015-04-05T09:18:31","slug":"avusturya-savciligi-iside-katilmaktan-cecen-asilli-vatandasini-savciliga-sevk-etti","status":"publish","type":"post","link":"https:\/\/archive.sana.sy\/tr\/?p=28641","title":{"rendered":"Avusturya Savc\u0131l\u0131\u011f\u0131 I\u015e\u0130D\u2019e Kat\u0131lmaktan \u00c7e\u00e7en As\u0131ll\u0131 Vatanda\u015f\u0131n\u0131 Savc\u0131l\u0131\u011fa Sevk Etti"},"content":{"rendered":"<p>V\u0130YANA \u2013 Avusturya Emniyet Birimleri, \u00c7e\u00e7en as\u0131ll\u0131 bir vatanda\u015f\u0131n\u0131 I\u015e\u0130D ter\u00f6r \u00f6rg\u00fct\u00fcne kat\u0131lma ve Suriye\u2019deki ter\u00f6rist \u00f6rg\u00fctleri saf\u0131nda sava\u015fa kat\u0131lma su\u00e7undan Savc\u0131l\u0131\u011fa sevk etti.<\/p>\n<p>Avusturya TV sitesi emniyet kaynaklar\u0131ndan naklen, Avusturya emniyet birimlerinin iki hafta \u00f6nce Ba\u015fkent Viyana ve \u00fclkenin kuzeyindeki Krems kentinde \u00e7e\u00e7en as\u0131ll\u0131 5 ter\u00f6risti yakalayarak soru\u015fturmaya\u00a0 sevk etti\u011fini s\u00f6yledi.<\/p>\n<p>Emniyet kaynaklar\u0131, g\u00fcvenlik otoriteleriyle Avusturya Genel savc\u0131s\u0131n\u0131n Savc\u0131l\u0131\u011fa \u00c7e\u00e7en as\u0131ll\u0131 ter\u00f6ristin I\u015e\u0130D ter\u00f6r \u00f6rg\u00fct\u00fc eleba\u015flar\u0131ndan Ebu \u00d6mer el \u015ei\u015fani ile Suriye\u2019de bulundu\u011fu bir ka\u00e7 ay i\u00e7erisinde 20\u2019den fazla telefon g\u00f6r\u00fc\u015fmesinde bulundu\u011funu ispat eden deliller sunduklar\u0131n\u0131 a\u00e7\u0131klarken, ter\u00f6rist savunma avukat\u0131 kanal\u0131yla Suriye\u2019de katil oldu\u011fu kabul etmezken sadece yard\u0131mlarda bulundu\u011funu itiraf etmekle yetindi.<\/p>\n<p>S.\u015e<\/p>\n","protected":false},"excerpt":{"rendered":"<p>V\u0130YANA \u2013 Avusturya Emniyet Birimleri, \u00c7e\u00e7en as\u0131ll\u0131 bir vatanda\u015f\u0131n\u0131 I\u015e\u0130D ter\u00f6r \u00f6rg\u00fct\u00fcne kat\u0131lma ve Suriye\u2019deki ter\u00f6rist \u00f6rg\u00fctleri saf\u0131nda sava\u015fa kat\u0131lma su\u00e7undan Savc\u0131l\u0131\u011fa sevk etti. Avusturya TV sitesi emniyet kaynaklar\u0131ndan naklen, Avusturya emniyet birimlerinin iki hafta \u00f6nce Ba\u015fkent Viyana ve \u00fclkenin kuzeyindeki Krems kentinde \u00e7e\u00e7en as\u0131ll\u0131 5 ter\u00f6risti yakalayarak soru\u015fturmaya\u00a0 sevk etti\u011fini s\u00f6yledi. Emniyet kaynaklar\u0131, g\u00fcvenlik &hellip;<\/p>\n","protected":false},"author":1,"featured_media":20592,"comment_status":"closed","ping_status":"closed","sticky":false,"template":"","format":"standard","meta":{"footnotes":""},"categories":[458,459,447],"tags":[13274],"class_list":["post-28641","post","type-post","status-publish","format-standard","has-post-thumbnail","","category-dunya1","category-haberler-arap-uluslararasi-politika","category-politika","tag-avusturya-savciligi-iside-katilmaktan-cecen-asilli-vatandasini-savciliga-sevk-etti"],"_links":{"self":[{"href":"https:\/\/archive.sana.sy\/tr\/index.php?rest_route=\/wp\/v2\/posts\/28641","targetHints":{"allow":["GET"]}}],"collection":[{"href":"https:\/\/archive.sana.sy\/tr\/index.php?rest_route=\/wp\/v2\/posts"}],"about":[{"href":"https:\/\/archive.sana.sy\/tr\/index.php?rest_route=\/wp\/v2\/types\/post"}],"author":[{"embeddable":true,"href":"https:\/\/archive.sana.sy\/tr\/index.php?rest_route=\/wp\/v2\/users\/1"}],"replies":[{"embeddable":true,"href":"https:\/\/archive.sana.sy\/tr\/index.php?rest_route=%2Fwp%2Fv2%2Fcomments&post=28641"}],"version-history":[{"count":0,"href":"https:\/\/archive.sana.sy\/tr\/index.php?rest_route=\/wp\/v2\/posts\/28641\/revisions"}],"wp:featuredmedia":[{"embeddable":true,"href":"https:\/\/archive.sana.sy\/tr\/index.php?rest_route=\/wp\/v2\/media\/20592"}],"wp:attachment":[{"href":"https:\/\/archive.sana.sy\/tr\/index.php?rest_route=%2Fwp%2Fv2%2Fmedia&parent=28641"}],"wp:term":[{"taxonomy":"category","embeddable":true,"href":"https:\/\/archive.sana.sy\/tr\/index.php?rest_route=%2Fwp%2Fv2%2Fcategories&post=28641"},{"taxonomy":"post_tag","embeddable":true,"href":"https:\/\/archive.sana.sy\/tr\/index.php?rest_route=%2Fwp%2Fv2%2Ftags&post=28641"}],"curies":[{"name":"wp","href":"https:\/\/api.w.org\/{rel}","templated":true}]}}