{"id":286476,"date":"2023-08-17T09:03:09","date_gmt":"2023-08-17T06:03:09","guid":{"rendered":"https:\/\/sana.sy\/tr\/?p=286476"},"modified":"2023-08-19T11:27:01","modified_gmt":"2023-08-19T08:27:01","slug":"amerikan-isgali-suriyenin-el-cezire-bolgesinden-yuzlerce-ton-petrol-caldi-3","status":"publish","type":"post","link":"https:\/\/archive.sana.sy\/tr\/?p=286476","title":{"rendered":"Amerikan \u0130\u015fgali Suriye\u2019nin El Cezire B\u00f6lgesinden Y\u00fczlerce Ton Petrol \u00c7ald\u0131"},"content":{"rendered":"<p><strong>HASEKE 17 A\u011fustos (SANA) &#8211;<\/strong> Amerikan i\u015fgali, i\u015fgal etti\u011fi b\u00f6lgelerdeki Suriyelilerin kaynaklar\u0131n\u0131 ve zenginliklerini ya\u011fmalamay\u0131 s\u00fcrd\u00fcrerek, ge\u00e7ti\u011fimiz saatlerde g\u00fc\u00e7leri, El Cezire sahalar\u0131ndan y\u00fczlerce ton Suriye petrol\u00fc \u00e7ald\u0131.<\/p>\n<p>El Yarubiye k\u0131rsal\u0131ndan yerel kaynaklar SANA muhabirine, \u2018\u2019El Cezire sahalar\u0131ndan \u00e7al\u0131nan petrolle dolu 40 tanktan olu\u015fan Amerikan i\u015fgal g\u00fc\u00e7lerine ait bir konvoy, yasad\u0131\u015f\u0131 El Mahmudiye ge\u00e7idinden \u00e7\u0131karak, kuzey Irak&#8217;taki i\u015fgal \u00fcslerine do\u011fru yola \u00e7\u0131kt\u0131\u2019\u2019 dedi.<\/p>\n<p style=\"text-align: justify;\"><a href=\"https:\/\/t.me\/SuriyeArapHaberAjansI\">Telegram Kanal\u0131m\u0131z\u00a0<\/a><\/p>\n<p style=\"text-align: justify;\"><a href=\"https:\/\/www.facebook.com\/SANAHaberAjansi\/\">Facebook Sayfam\u0131z<\/a><\/p>\n<p style=\"text-align: justify;\"><a href=\"https:\/\/twitter.com\/arap_ajans\">Twitter Hesab\u0131m\u0131z<\/a><\/p>\n<div id='gallery-1' class='gallery galleryid-286476 gallery-columns-1 gallery-size-full'><figure class='gallery-item'>\n\t\t\t<div class='gallery-icon landscape'>\n\t\t\t\t<a href='https:\/\/archive.sana.sy\/tr\/wp-content\/uploads\/2023\/08\/photo_2023-08-16_20-50-01-scaled.jpg'><img loading=\"lazy\" decoding=\"async\" width=\"2560\" height=\"1767\" src=\"https:\/\/archive.sana.sy\/tr\/wp-content\/uploads\/2023\/08\/photo_2023-08-16_20-50-01-scaled.jpg\" class=\"attachment-full size-full\" alt=\"\" srcset=\"https:\/\/archive.sana.sy\/tr\/wp-content\/uploads\/2023\/08\/photo_2023-08-16_20-50-01-scaled.jpg 2560w, https:\/\/archive.sana.sy\/tr\/wp-content\/uploads\/2023\/08\/photo_2023-08-16_20-50-01-300x207.jpg 300w, https:\/\/archive.sana.sy\/tr\/wp-content\/uploads\/2023\/08\/photo_2023-08-16_20-50-01-1024x707.jpg 1024w, https:\/\/archive.sana.sy\/tr\/wp-content\/uploads\/2023\/08\/photo_2023-08-16_20-50-01-768x530.jpg 768w, https:\/\/archive.sana.sy\/tr\/wp-content\/uploads\/2023\/08\/photo_2023-08-16_20-50-01-1536x1060.jpg 1536w, https:\/\/archive.sana.sy\/tr\/wp-content\/uploads\/2023\/08\/photo_2023-08-16_20-50-01-2048x1413.jpg 2048w, https:\/\/archive.sana.sy\/tr\/wp-content\/uploads\/2023\/08\/photo_2023-08-16_20-50-01-110x75.jpg 110w\" sizes=\"auto, (max-width: 2560px) 100vw, 2560px\" \/><\/a>\n\t\t\t<\/div><\/figure>\n\t\t<\/div>\n\n","protected":false},"excerpt":{"rendered":"<p>HASEKE 17 A\u011fustos (SANA) &#8211; Amerikan i\u015fgali, i\u015fgal etti\u011fi b\u00f6lgelerdeki Suriyelilerin kaynaklar\u0131n\u0131 ve zenginliklerini ya\u011fmalamay\u0131 s\u00fcrd\u00fcrerek, ge\u00e7ti\u011fimiz saatlerde g\u00fc\u00e7leri, El Cezire sahalar\u0131ndan y\u00fczlerce ton Suriye petrol\u00fc \u00e7ald\u0131. El Yarubiye k\u0131rsal\u0131ndan yerel kaynaklar SANA muhabirine, \u2018\u2019El Cezire sahalar\u0131ndan \u00e7al\u0131nan petrolle dolu 40 tanktan olu\u015fan Amerikan i\u015fgal g\u00fc\u00e7lerine ait bir konvoy, yasad\u0131\u015f\u0131 El Mahmudiye ge\u00e7idinden \u00e7\u0131karak, kuzey &hellip;<\/p>\n","protected":false},"author":39,"featured_media":286477,"comment_status":"closed","ping_status":"closed","sticky":false,"template":"","format":"standard","meta":{"footnotes":""},"categories":[479,575,17988,478],"tags":[],"class_list":["post-286476","post","type-post","status-publish","format-standard","has-post-thumbnail","","category-haberler-yerel","category-olaylar-ve-gercekler","category-son-haberler","category-yerel"],"_links":{"self":[{"href":"https:\/\/archive.sana.sy\/tr\/index.php?rest_route=\/wp\/v2\/posts\/286476","targetHints":{"allow":["GET"]}}],"collection":[{"href":"https:\/\/archive.sana.sy\/tr\/index.php?rest_route=\/wp\/v2\/posts"}],"about":[{"href":"https:\/\/archive.sana.sy\/tr\/index.php?rest_route=\/wp\/v2\/types\/post"}],"author":[{"embeddable":true,"href":"https:\/\/archive.sana.sy\/tr\/index.php?rest_route=\/wp\/v2\/users\/39"}],"replies":[{"embeddable":true,"href":"https:\/\/archive.sana.sy\/tr\/index.php?rest_route=%2Fwp%2Fv2%2Fcomments&post=286476"}],"version-history":[{"count":2,"href":"https:\/\/archive.sana.sy\/tr\/index.php?rest_route=\/wp\/v2\/posts\/286476\/revisions"}],"predecessor-version":[{"id":286481,"href":"https:\/\/archive.sana.sy\/tr\/index.php?rest_route=\/wp\/v2\/posts\/286476\/revisions\/286481"}],"wp:featuredmedia":[{"embeddable":true,"href":"https:\/\/archive.sana.sy\/tr\/index.php?rest_route=\/wp\/v2\/media\/286477"}],"wp:attachment":[{"href":"https:\/\/archive.sana.sy\/tr\/index.php?rest_route=%2Fwp%2Fv2%2Fmedia&parent=286476"}],"wp:term":[{"taxonomy":"category","embeddable":true,"href":"https:\/\/archive.sana.sy\/tr\/index.php?rest_route=%2Fwp%2Fv2%2Fcategories&post=286476"},{"taxonomy":"post_tag","embeddable":true,"href":"https:\/\/archive.sana.sy\/tr\/index.php?rest_route=%2Fwp%2Fv2%2Ftags&post=286476"}],"curies":[{"name":"wp","href":"https:\/\/api.w.org\/{rel}","templated":true}]}}