{"id":28648,"date":"2015-04-05T10:30:42","date_gmt":"2015-04-05T07:30:42","guid":{"rendered":"http:\/\/www.sana.sy\/tr\/?p=28648"},"modified":"2015-04-05T12:34:04","modified_gmt":"2015-04-05T09:34:04","slug":"bogdanov-haddad-ile-moskova-yeni-istisare-gorusme-turunu-ele-aldi","status":"publish","type":"post","link":"https:\/\/archive.sana.sy\/tr\/?p=28648","title":{"rendered":"Bogdanov Haddad ile Moskova Yeni \u0130sti\u015fare G\u00f6r\u00fc\u015fme Turunu Ele Ald\u0131"},"content":{"rendered":"<p>MOSKOVA \u2013 Rusya Ba\u015fkan\u0131 Orta Do\u011fu ve Afrika \u00d6zel Temsilcisi Mihail Bogdanov d\u00fcn, Suriye\u2019nin Moskova B\u00fcy\u00fckel\u00e7isi Riyad Haddad ile Moskova\u2019da Suriye diyalogunun yeni tur haz\u0131rl\u0131klar\u0131n\u0131 g\u00f6r\u00fc\u015ft\u00fc.<\/p>\n<p>Rusya Today sitesi Rusya D\u0131\u015fi\u015fleri Bakanl\u0131\u011f\u0131ndan naklen, Rus ve Suriyeli diplomatlar\u0131n, Rusya\u2019n\u0131n ba\u015fkentinde 6-9 Nisan tarihleri aras\u0131nda d\u00fczenlenecek olan Suriye isti\u015fare g\u00f6r\u00fc\u015fmelerine haz\u0131rl\u0131k i\u00e7in, Moskova\u2019daki toplant\u0131lar\u0131n\u0131n \u00f6zel bir \u00f6neme haiz oldu\u011funu s\u00f6yledi.<\/p>\n<p>S.\u015e<\/p>\n","protected":false},"excerpt":{"rendered":"<p>MOSKOVA \u2013 Rusya Ba\u015fkan\u0131 Orta Do\u011fu ve Afrika \u00d6zel Temsilcisi Mihail Bogdanov d\u00fcn, Suriye\u2019nin Moskova B\u00fcy\u00fckel\u00e7isi Riyad Haddad ile Moskova\u2019da Suriye diyalogunun yeni tur haz\u0131rl\u0131klar\u0131n\u0131 g\u00f6r\u00fc\u015ft\u00fc. Rusya Today sitesi Rusya D\u0131\u015fi\u015fleri Bakanl\u0131\u011f\u0131ndan naklen, Rus ve Suriyeli diplomatlar\u0131n, Rusya\u2019n\u0131n ba\u015fkentinde 6-9 Nisan tarihleri aras\u0131nda d\u00fczenlenecek olan Suriye isti\u015fare g\u00f6r\u00fc\u015fmelerine haz\u0131rl\u0131k i\u00e7in, Moskova\u2019daki toplant\u0131lar\u0131n\u0131n \u00f6zel bir \u00f6neme &hellip;<\/p>\n","protected":false},"author":1,"featured_media":28650,"comment_status":"closed","ping_status":"closed","sticky":false,"template":"","format":"standard","meta":{"footnotes":""},"categories":[458,459,447],"tags":[],"class_list":["post-28648","post","type-post","status-publish","format-standard","has-post-thumbnail","","category-dunya1","category-haberler-arap-uluslararasi-politika","category-politika"],"_links":{"self":[{"href":"https:\/\/archive.sana.sy\/tr\/index.php?rest_route=\/wp\/v2\/posts\/28648","targetHints":{"allow":["GET"]}}],"collection":[{"href":"https:\/\/archive.sana.sy\/tr\/index.php?rest_route=\/wp\/v2\/posts"}],"about":[{"href":"https:\/\/archive.sana.sy\/tr\/index.php?rest_route=\/wp\/v2\/types\/post"}],"author":[{"embeddable":true,"href":"https:\/\/archive.sana.sy\/tr\/index.php?rest_route=\/wp\/v2\/users\/1"}],"replies":[{"embeddable":true,"href":"https:\/\/archive.sana.sy\/tr\/index.php?rest_route=%2Fwp%2Fv2%2Fcomments&post=28648"}],"version-history":[{"count":0,"href":"https:\/\/archive.sana.sy\/tr\/index.php?rest_route=\/wp\/v2\/posts\/28648\/revisions"}],"wp:featuredmedia":[{"embeddable":true,"href":"https:\/\/archive.sana.sy\/tr\/index.php?rest_route=\/wp\/v2\/media\/28650"}],"wp:attachment":[{"href":"https:\/\/archive.sana.sy\/tr\/index.php?rest_route=%2Fwp%2Fv2%2Fmedia&parent=28648"}],"wp:term":[{"taxonomy":"category","embeddable":true,"href":"https:\/\/archive.sana.sy\/tr\/index.php?rest_route=%2Fwp%2Fv2%2Fcategories&post=28648"},{"taxonomy":"post_tag","embeddable":true,"href":"https:\/\/archive.sana.sy\/tr\/index.php?rest_route=%2Fwp%2Fv2%2Ftags&post=28648"}],"curies":[{"name":"wp","href":"https:\/\/api.w.org\/{rel}","templated":true}]}}