{"id":286482,"date":"2023-08-17T09:00:39","date_gmt":"2023-08-17T06:00:39","guid":{"rendered":"https:\/\/sana.sy\/tr\/?p=286482"},"modified":"2023-08-19T11:26:47","modified_gmt":"2023-08-19T08:26:47","slug":"hasekenin-rasulayn-ilcesinde-teror-orgutleri-arasinda-cikan-catismalarda-cok-sayida-terorist-yaralandi","status":"publish","type":"post","link":"https:\/\/archive.sana.sy\/tr\/?p=286482","title":{"rendered":"Haseke&#8217;nin Rasulayn \u0130l\u00e7esinde Ter\u00f6r \u00d6rg\u00fctleri Aras\u0131nda \u00c7\u0131kan \u00c7at\u0131\u015fmalarda \u00c7ok Say\u0131da Ter\u00f6rist Yaraland\u0131"},"content":{"rendered":"<p><strong>HASEKE 17 A\u011fustos (SANA) \u2013 <\/strong>Haseke&#8217;nin kuzeybat\u0131s\u0131ndaki Rasulayn merkezinde ter\u00f6r \u00f6rg\u00fctleri aras\u0131nda \u00e7\u0131kan \u00e7at\u0131\u015fmalarda \u00e7ok say\u0131da ter\u00f6rist yaraland\u0131<\/p>\n<p>Yerel kaynaklar SANA muhabirine, &#8220;Rasulayn kenti i\u00e7inde s\u00f6zde &#8220;Kral \u015eah&#8221; ter\u00f6ristleri ile s\u00f6zde &#8220;El Hamza T\u00fcmeni&#8221; aras\u0131nda hafif ve orta silahlarla \u00e7at\u0131\u015fma \u00e7\u0131ktt\u0131\u011f\u0131n\u0131, iki taraf aras\u0131nda yaralanmalara yol a\u00e7t\u0131\u011f\u0131n\u0131&#8221; belirtti.<\/p>\n<p>Kaynaklar, \u00e7at\u0131\u015fmalar\u0131n kentte gerginli\u011fe ve uzun s\u00fcre evlerinde kalan vatanda\u015flarda pani\u011fe yol a\u00e7t\u0131\u011f\u0131na, d\u00fckkanlar\u0131n kap\u0131lar\u0131n\u0131 kapatt\u0131\u011f\u0131 ve \u00e7at\u0131\u015fmaya yak\u0131n mahallelerin adeta bo\u015fald\u0131\u011f\u0131na dikkat \u00e7ekti.<\/p>\n<p>Rasulayn kenti ve k\u00f6ylerinde T\u00fcrk i\u015fgaline ba\u011fl\u0131 \u00e7eteler aras\u0131nda \u00e7\u0131kan \u00e7at\u0131\u015fmalar\u0131n sebepleri genellikle yerinden edilenlerin evlerine, arazilerine ve mallar\u0131na el konulmas\u0131 veya b\u00f6lgedeki bilinen ka\u00e7ak\u00e7\u0131l\u0131k alanlar\u0131 hakk\u0131nda \u00e7\u0131kan anla\u015fmazl\u0131klard\u0131r.<\/p>\n<p><a href=\"https:\/\/t.me\/SuriyeArapHaberAjansI\">Telegram Kanal\u0131m\u0131z\u00a0<\/a><\/p>\n<p><a href=\"https:\/\/www.facebook.com\/SANAHaberAjansi\/\">Facebook Sayfam\u0131z<\/a><\/p>\n<p><a href=\"https:\/\/twitter.com\/arap_ajans\">Twitter Hesab\u0131m\u0131z<\/a><\/p>\n","protected":false},"excerpt":{"rendered":"<p>HASEKE 17 A\u011fustos (SANA) \u2013 Haseke&#8217;nin kuzeybat\u0131s\u0131ndaki Rasulayn merkezinde ter\u00f6r \u00f6rg\u00fctleri aras\u0131nda \u00e7\u0131kan \u00e7at\u0131\u015fmalarda \u00e7ok say\u0131da ter\u00f6rist yaraland\u0131 Yerel kaynaklar SANA muhabirine, &#8220;Rasulayn kenti i\u00e7inde s\u00f6zde &#8220;Kral \u015eah&#8221; ter\u00f6ristleri ile s\u00f6zde &#8220;El Hamza T\u00fcmeni&#8221; aras\u0131nda hafif ve orta silahlarla \u00e7at\u0131\u015fma \u00e7\u0131ktt\u0131\u011f\u0131n\u0131, iki taraf aras\u0131nda yaralanmalara yol a\u00e7t\u0131\u011f\u0131n\u0131&#8221; belirtti. Kaynaklar, \u00e7at\u0131\u015fmalar\u0131n kentte gerginli\u011fe ve uzun s\u00fcre &hellip;<\/p>\n","protected":false},"author":39,"featured_media":286483,"comment_status":"closed","ping_status":"closed","sticky":false,"template":"","format":"standard","meta":{"footnotes":""},"categories":[479,575,17988,478],"tags":[],"class_list":["post-286482","post","type-post","status-publish","format-standard","has-post-thumbnail","","category-haberler-yerel","category-olaylar-ve-gercekler","category-son-haberler","category-yerel"],"_links":{"self":[{"href":"https:\/\/archive.sana.sy\/tr\/index.php?rest_route=\/wp\/v2\/posts\/286482","targetHints":{"allow":["GET"]}}],"collection":[{"href":"https:\/\/archive.sana.sy\/tr\/index.php?rest_route=\/wp\/v2\/posts"}],"about":[{"href":"https:\/\/archive.sana.sy\/tr\/index.php?rest_route=\/wp\/v2\/types\/post"}],"author":[{"embeddable":true,"href":"https:\/\/archive.sana.sy\/tr\/index.php?rest_route=\/wp\/v2\/users\/39"}],"replies":[{"embeddable":true,"href":"https:\/\/archive.sana.sy\/tr\/index.php?rest_route=%2Fwp%2Fv2%2Fcomments&post=286482"}],"version-history":[{"count":5,"href":"https:\/\/archive.sana.sy\/tr\/index.php?rest_route=\/wp\/v2\/posts\/286482\/revisions"}],"predecessor-version":[{"id":286488,"href":"https:\/\/archive.sana.sy\/tr\/index.php?rest_route=\/wp\/v2\/posts\/286482\/revisions\/286488"}],"wp:featuredmedia":[{"embeddable":true,"href":"https:\/\/archive.sana.sy\/tr\/index.php?rest_route=\/wp\/v2\/media\/286483"}],"wp:attachment":[{"href":"https:\/\/archive.sana.sy\/tr\/index.php?rest_route=%2Fwp%2Fv2%2Fmedia&parent=286482"}],"wp:term":[{"taxonomy":"category","embeddable":true,"href":"https:\/\/archive.sana.sy\/tr\/index.php?rest_route=%2Fwp%2Fv2%2Fcategories&post=286482"},{"taxonomy":"post_tag","embeddable":true,"href":"https:\/\/archive.sana.sy\/tr\/index.php?rest_route=%2Fwp%2Fv2%2Ftags&post=286482"}],"curies":[{"name":"wp","href":"https:\/\/api.w.org\/{rel}","templated":true}]}}