{"id":286489,"date":"2023-08-17T10:05:04","date_gmt":"2023-08-17T07:05:04","guid":{"rendered":"https:\/\/sana.sy\/tr\/?p=286489"},"modified":"2023-08-19T11:27:21","modified_gmt":"2023-08-19T08:27:21","slug":"muh-arnusun-huzurunda-ust-duzey-idari-liderler-icin-diyalog-egitim-programinin-acilisini-yapti","status":"publish","type":"post","link":"https:\/\/archive.sana.sy\/tr\/?p=286489","title":{"rendered":"Arnus: Kamu Y\u00f6netimi Kendi Ba\u015f\u0131na Bir Ama\u00e7 De\u011fil, Kurumlara Liderlik Etmenin Bir Arac\u0131d\u0131r"},"content":{"rendered":"<p style=\"text-align: justify;\"><strong>\u015eAM KIRSALI 17 A\u011fustos (SANA) \u2013<\/strong>Ba\u015fbakan H\u00fcseyin Arnous&#8217;un huzurunda,\u00a0 \u0130dari Kalk\u0131nma Bakanl\u0131\u011f\u0131 bug\u00fcn 42 bakan yard\u0131mc\u0131s\u0131n\u0131n kat\u0131l\u0131m\u0131yla \u00fcst d\u00fczey idari liderlere y\u00f6nelik diyalog e\u011fitim program\u0131n\u0131n a\u00e7\u0131l\u0131\u015f\u0131n\u0131 yapt\u0131.<\/p>\n<p style=\"text-align: justify;\">Program, bakan yard\u0131mc\u0131lar\u0131n\u0131n \u00f6zel politikalar olu\u015fturma, y\u00fcr\u00fctme programlar\u0131n\u0131 geli\u015ftirme, sekt\u00f6rel zorluklara yan\u0131t verme, h\u00fck\u00fcmet ayg\u0131t\u0131n\u0131n muzdarip oldu\u011fu sorunlar\u0131 ele alma ve kendi becerilerini geli\u015ftirme kapasitelerini geli\u015ftirmeyi ama\u00e7l\u0131yor.<img decoding=\"async\" class=\"alignright\" src=\"http:\/\/sana.sy\/wp-content\/uploads\/2023\/08\/DSC_9068-300x193.jpg\" \/><\/p>\n<p style=\"text-align: justify;\">Ba\u015fbakan a\u00e7\u0131l\u0131\u015fta yapt\u0131\u011f\u0131 konu\u015fmada, be\u015feri sermayenin, devlet kurumlar\u0131n\u0131n \u00f6z\u00fcn\u00fc, kalk\u0131nmac\u0131 ve dinamik bir kalk\u0131nma sermayesi olu\u015fturdu\u011funu, devletlerin ve kurumlar\u0131n art\u0131k sadece maddi ve mali kaynaklarla de\u011fil, be\u015feri sermayenin yarat\u0131c\u0131l\u0131\u011f\u0131yla rekabet etti\u011fini vurgulad\u0131.<\/p>\n<p style=\"text-align: justify;\">Arnus ayr\u0131ca, bug\u00fcnk\u00fc e\u011fitim program\u0131n\u0131n, in\u015fa etmeye devam etme, \u00f6\u011frenmeye devam etme ve uzmanl\u0131k, uygunluk ve bilgi aramaya devam etme konusundaki \u0131srar\u0131 do\u011frulad\u0131\u011f\u0131n\u0131 a\u00e7\u0131klarlken, bir \u00fclkenin kar\u015f\u0131 kar\u015f\u0131ya kalabilece\u011fi en vah\u015fi varolu\u015fsal sava\u015f kar\u015f\u0131s\u0131nda Suriye devletinin kararl\u0131l\u0131\u011f\u0131n\u0131n en \u00f6nemli s\u0131rlar\u0131ndan birinin, devlet kurumlar\u0131n\u0131n b\u00fct\u00fcnl\u00fc\u011f\u00fc, yap\u0131s\u0131n\u0131n kararl\u0131l\u0131\u011f\u0131 ve sald\u0131rganl\u0131\u011fa kar\u015f\u0131 ayakta kalabilmesi oldu\u011funa i\u015faret etti.<img decoding=\"async\" class=\"alignright\" src=\"http:\/\/sana.sy\/wp-content\/uploads\/2023\/08\/DSC_9023-300x200.jpg\" \/><\/p>\n<p style=\"text-align: justify;\">Ba\u015fbakan, kamu y\u00f6netiminin kendi ba\u015f\u0131na bir ama\u00e7 olmad\u0131\u011f\u0131n\u0131, kurumlara liderlik etmenin ve vatanda\u015flara m\u00fcmk\u00fcn olan en iyi performans g\u00f6stergelerine sahip \u00fcr\u00fcn ve hizmetler sunman\u0131n bir arac\u0131 oldu\u011funu kaydederken, programda yer alan muhataplara, e\u011fitmenlere, bakan yard\u0131mc\u0131lar\u0131na ve kat\u0131l\u0131mc\u0131lara te\u015fekk\u00fcrlerini iletti.<\/p>\n<p style=\"text-align: justify;\">\u0130dari Kalk\u0131nma Bakan\u0131 Selam Safaf ise program\u0131n sekt\u00f6rel politikalar\u0131n olu\u015fturulmas\u0131, y\u00fcr\u00fctme programlar\u0131n\u0131n olu\u015fturulmas\u0131, zorluklara yan\u0131t verilmesi ve sorunlar\u0131n ele al\u0131nmas\u0131 konular\u0131nda diyalog yoluyla bilgi ve deneyim al\u0131\u015fveri\u015fini ama\u00e7lad\u0131\u011f\u0131n\u0131 belirtti.<\/p>\n<p style=\"text-align: justify;\"><a href=\"https:\/\/t.me\/SuriyeArapHaberAjansI\">Telegram Kanal\u0131m\u0131z\u00a0<\/a><\/p>\n<p style=\"text-align: justify;\"><a href=\"https:\/\/www.facebook.com\/SANAHaberAjansi\/\">Facebook Sayfam\u0131z<\/a><\/p>\n<p style=\"text-align: justify;\"><a href=\"https:\/\/twitter.com\/arap_ajans\">Twitter Hesab\u0131m\u0131z<\/a><\/p>\n","protected":false},"excerpt":{"rendered":"<p>\u015eAM KIRSALI 17 A\u011fustos (SANA) \u2013Ba\u015fbakan H\u00fcseyin Arnous&#8217;un huzurunda,\u00a0 \u0130dari Kalk\u0131nma Bakanl\u0131\u011f\u0131 bug\u00fcn 42 bakan yard\u0131mc\u0131s\u0131n\u0131n kat\u0131l\u0131m\u0131yla \u00fcst d\u00fczey idari liderlere y\u00f6nelik diyalog e\u011fitim program\u0131n\u0131n a\u00e7\u0131l\u0131\u015f\u0131n\u0131 yapt\u0131. Program, bakan yard\u0131mc\u0131lar\u0131n\u0131n \u00f6zel politikalar olu\u015fturma, y\u00fcr\u00fctme programlar\u0131n\u0131 geli\u015ftirme, sekt\u00f6rel zorluklara yan\u0131t verme, h\u00fck\u00fcmet ayg\u0131t\u0131n\u0131n muzdarip oldu\u011fu sorunlar\u0131 ele alma ve kendi becerilerini geli\u015ftirme kapasitelerini geli\u015ftirmeyi ama\u00e7l\u0131yor. Ba\u015fbakan &hellip;<\/p>\n","protected":false},"author":39,"featured_media":286531,"comment_status":"closed","ping_status":"closed","sticky":false,"template":"","format":"standard","meta":{"footnotes":""},"categories":[479,17988,478],"tags":[39305,39306,19174,22182],"class_list":["post-286489","post","type-post","status-publish","format-standard","has-post-thumbnail","","category-haberler-yerel","category-son-haberler","category-yerel","tag-arnus-kamu-yonetimi-kendi-basina-bir-amac-degil","tag-kurumlara-liderlik-etmenin-bir-aracidir","tag-suriyede-son-durumlar","tag-suriyede-savas"],"_links":{"self":[{"href":"https:\/\/archive.sana.sy\/tr\/index.php?rest_route=\/wp\/v2\/posts\/286489","targetHints":{"allow":["GET"]}}],"collection":[{"href":"https:\/\/archive.sana.sy\/tr\/index.php?rest_route=\/wp\/v2\/posts"}],"about":[{"href":"https:\/\/archive.sana.sy\/tr\/index.php?rest_route=\/wp\/v2\/types\/post"}],"author":[{"embeddable":true,"href":"https:\/\/archive.sana.sy\/tr\/index.php?rest_route=\/wp\/v2\/users\/39"}],"replies":[{"embeddable":true,"href":"https:\/\/archive.sana.sy\/tr\/index.php?rest_route=%2Fwp%2Fv2%2Fcomments&post=286489"}],"version-history":[{"count":9,"href":"https:\/\/archive.sana.sy\/tr\/index.php?rest_route=\/wp\/v2\/posts\/286489\/revisions"}],"predecessor-version":[{"id":286532,"href":"https:\/\/archive.sana.sy\/tr\/index.php?rest_route=\/wp\/v2\/posts\/286489\/revisions\/286532"}],"wp:featuredmedia":[{"embeddable":true,"href":"https:\/\/archive.sana.sy\/tr\/index.php?rest_route=\/wp\/v2\/media\/286531"}],"wp:attachment":[{"href":"https:\/\/archive.sana.sy\/tr\/index.php?rest_route=%2Fwp%2Fv2%2Fmedia&parent=286489"}],"wp:term":[{"taxonomy":"category","embeddable":true,"href":"https:\/\/archive.sana.sy\/tr\/index.php?rest_route=%2Fwp%2Fv2%2Fcategories&post=286489"},{"taxonomy":"post_tag","embeddable":true,"href":"https:\/\/archive.sana.sy\/tr\/index.php?rest_route=%2Fwp%2Fv2%2Ftags&post=286489"}],"curies":[{"name":"wp","href":"https:\/\/api.w.org\/{rel}","templated":true}]}}