{"id":28651,"date":"2015-04-05T13:02:32","date_gmt":"2015-04-05T10:02:32","guid":{"rendered":"http:\/\/www.sana.sy\/tr\/?p=28651"},"modified":"2015-04-05T13:02:32","modified_gmt":"2015-04-05T10:02:32","slug":"zarif-iran-hic-bir-zaman-ve-kesinlikle-atom-bombasi-pesinde-olmadi-olmayacak","status":"publish","type":"post","link":"https:\/\/archive.sana.sy\/tr\/?p=28651","title":{"rendered":"Zarif: \u0130ran Hi\u00e7 Bir Zaman Ve Kesinlikle Atom Bombas\u0131 Pe\u015finde Olmad\u0131 Olmayacak"},"content":{"rendered":"<p>TAHRAN \u2013 \u0130ran D\u0131\u015fi\u015fleri Bakan\u0131 Muhammed Cevat Zarif, \u00fclkesinin n\u00fckleer haklar\u0131ndan ba\u015fka bir \u015fey istemedi\u011fini belirterek \u0130ran\u2019\u0131n kesinlikle ve hi\u00e7 bir zaman atom bombas\u0131 pe\u015finde olmad\u0131\u011f\u0131n\u0131 vurgulad\u0131.<\/p>\n<p>IRNA haber ajans\u0131 Zarif\u2019in d\u00fcn ak\u015fam yay\u0131nlanan TV a\u00e7\u0131klamas\u0131ndan naklen, kendilerinin b\u00f6lgede kesinlikle hegemonyac\u0131l\u0131k pe\u015finde olmad\u0131klar\u0131n\u0131, b\u00fct\u00fcn b\u00f6lge \u00fclkeleriyle iyi ili\u015fkiler kurmaya \u00e7al\u0131\u015ft\u0131klar\u0131n\u0131, kom\u015fu \u00fclkelerin g\u00fcven ve refah\u0131n\u0131n kendi g\u00fcven ve refah\u0131 sayd\u0131klar\u0131n\u0131 ve ayr\u0131ca b\u00f6lgedeki ter\u00f6r ve radikalizmden ac\u0131 \u00e7ektiklerini ifade etti.<\/p>\n<p>Zarif; \u201cBizlerin b\u00f6lgedeki kom\u015fu \u00fclkelerle bir \u00e7ok ortak \u00e7\u0131karlar\u0131m\u0131z vard\u0131r. Bizler n\u00fckleer haklar\u0131m\u0131zdan fazlas\u0131n\u0131 istemiyoruz, s\u00f6z konusu suni kriz b\u00f6lgede korkulara neden oldu, bizler sorunlar\u0131m\u0131z\u0131 kesinlikle kom\u015fu \u00fclkelerin hesab\u0131na \u00e7\u00f6zmeyece\u011fiz ve de kom\u015fu \u00fclkelerin g\u00fcvenli\u011fi hesab\u0131na hi\u00e7 kimseyle pazarl\u0131k da etmeyece\u011fiz\u201d dedi.<\/p>\n<p>S.\u015e<\/p>\n","protected":false},"excerpt":{"rendered":"<p>TAHRAN \u2013 \u0130ran D\u0131\u015fi\u015fleri Bakan\u0131 Muhammed Cevat Zarif, \u00fclkesinin n\u00fckleer haklar\u0131ndan ba\u015fka bir \u015fey istemedi\u011fini belirterek \u0130ran\u2019\u0131n kesinlikle ve hi\u00e7 bir zaman atom bombas\u0131 pe\u015finde olmad\u0131\u011f\u0131n\u0131 vurgulad\u0131. IRNA haber ajans\u0131 Zarif\u2019in d\u00fcn ak\u015fam yay\u0131nlanan TV a\u00e7\u0131klamas\u0131ndan naklen, kendilerinin b\u00f6lgede kesinlikle hegemonyac\u0131l\u0131k pe\u015finde olmad\u0131klar\u0131n\u0131, b\u00fct\u00fcn b\u00f6lge \u00fclkeleriyle iyi ili\u015fkiler kurmaya \u00e7al\u0131\u015ft\u0131klar\u0131n\u0131, kom\u015fu \u00fclkelerin g\u00fcven ve refah\u0131n\u0131n &hellip;<\/p>\n","protected":false},"author":1,"featured_media":28652,"comment_status":"closed","ping_status":"closed","sticky":false,"template":"","format":"standard","meta":{"footnotes":""},"categories":[458,459,447],"tags":[13275],"class_list":["post-28651","post","type-post","status-publish","format-standard","has-post-thumbnail","","category-dunya1","category-haberler-arap-uluslararasi-politika","category-politika","tag-zarif-iran-hic-bir-zaman-ve-kesinlikle-atom-bombasi-pesinde-olmadi-olmayacak"],"_links":{"self":[{"href":"https:\/\/archive.sana.sy\/tr\/index.php?rest_route=\/wp\/v2\/posts\/28651","targetHints":{"allow":["GET"]}}],"collection":[{"href":"https:\/\/archive.sana.sy\/tr\/index.php?rest_route=\/wp\/v2\/posts"}],"about":[{"href":"https:\/\/archive.sana.sy\/tr\/index.php?rest_route=\/wp\/v2\/types\/post"}],"author":[{"embeddable":true,"href":"https:\/\/archive.sana.sy\/tr\/index.php?rest_route=\/wp\/v2\/users\/1"}],"replies":[{"embeddable":true,"href":"https:\/\/archive.sana.sy\/tr\/index.php?rest_route=%2Fwp%2Fv2%2Fcomments&post=28651"}],"version-history":[{"count":0,"href":"https:\/\/archive.sana.sy\/tr\/index.php?rest_route=\/wp\/v2\/posts\/28651\/revisions"}],"wp:featuredmedia":[{"embeddable":true,"href":"https:\/\/archive.sana.sy\/tr\/index.php?rest_route=\/wp\/v2\/media\/28652"}],"wp:attachment":[{"href":"https:\/\/archive.sana.sy\/tr\/index.php?rest_route=%2Fwp%2Fv2%2Fmedia&parent=28651"}],"wp:term":[{"taxonomy":"category","embeddable":true,"href":"https:\/\/archive.sana.sy\/tr\/index.php?rest_route=%2Fwp%2Fv2%2Fcategories&post=28651"},{"taxonomy":"post_tag","embeddable":true,"href":"https:\/\/archive.sana.sy\/tr\/index.php?rest_route=%2Fwp%2Fv2%2Ftags&post=28651"}],"curies":[{"name":"wp","href":"https:\/\/api.w.org\/{rel}","templated":true}]}}