{"id":28660,"date":"2015-04-05T13:41:51","date_gmt":"2015-04-05T10:41:51","guid":{"rendered":"http:\/\/www.sana.sy\/tr\/?p=28660"},"modified":"2015-04-05T13:41:51","modified_gmt":"2015-04-05T10:41:51","slug":"suudi-komutasindaki-koalisyon-insani-yardimlari-engelliyor","status":"publish","type":"post","link":"https:\/\/archive.sana.sy\/tr\/?p=28660","title":{"rendered":"Suudi Komutas\u0131ndaki Koalisyon \u0130nsani Yard\u0131mlar\u0131 Engelliyor"},"content":{"rendered":"<p>SANA \u2013 Uluslararas\u0131 K\u0131z\u0131lha\u00e7 \u00d6rg\u00fct\u00fc; Suudi Arabistan krall\u0131k rejimi komutas\u0131nda Yemen\u2019e bombard\u0131manlarda bulunan koalisyonun, Yemen\u2019de sivil insanlara insani yard\u0131mlar\u0131n ula\u015ft\u0131r\u0131lmas\u0131n\u0131 engelledi\u011fini belirtti.<\/p>\n<p>\u00d6rg\u00fct\u00fcn resmi s\u00f6zc\u00fcs\u00fc Sitara Jabeen; Yemen\u2019e g\u00f6nderilmeye \u00e7al\u0131\u015f\u0131lan insani yard\u0131m y\u00fckl\u00fc 2 t\u0131r arac\u0131n\u0131n yan\u0131 s\u0131ra sa\u011fl\u0131k ekibinin Yemen\u2019e giri\u015fine izin verilmedi\u011fini s\u00f6yledi. Jabeen s\u00f6z konusu yard\u0131mlar\u0131n ula\u015ft\u0131r\u0131lmas\u0131 i\u00e7in hava sahas\u0131 ve limanlar\u0131 kontrol\u00fcnde tutan askeri koalisyona yap\u0131lan t\u00fcm \u00e7a\u011fr\u0131lara ra\u011fmen Yemen\u2019e ge\u00e7irilme engelinin kald\u0131r\u0131lamad\u0131\u011f\u0131n\u0131 ifade etti.<\/p>\n<p>Yemen\u2019de durumlar\u0131n gittik\u00e7e k\u00f6t\u00fcye gitti\u011fini ve her g\u00fcn bir\u00e7ok insan\u0131n \u00f6lmesine ra\u011fmen \u00f6rg\u00fct\u00fcn g\u00f6ndermeye \u00e7al\u0131\u015ft\u0131\u011f\u0131 insani yard\u0131mlar\u0131n giri\u015fine izin verilmedi\u011fini belirten Jabeen; insani yard\u0131mlar\u0131n acilen ge\u00e7irilmesi \u00f6neminin alt\u0131n\u0131 \u00e7izdi.<\/p>\n<p>Bu arada Suudi rejimi ve m\u00fcttefiklerine ait sava\u015f u\u00e7aklar\u0131 Yemen\u2019de altyap\u0131, hizmet kurumlar\u0131, limanlar, havaalanlar\u0131, k\u00f6pr\u00fcler ve sivil yerle\u015fim alanlar\u0131na bombard\u0131manlar\u0131n\u0131 s\u00fcrd\u00fcr\u00fcp \u00e7ok say\u0131da sivil insan\u0131 katletmeye devam ediyor.<\/p>\n<p>A.A.<\/p>\n","protected":false},"excerpt":{"rendered":"<p>SANA \u2013 Uluslararas\u0131 K\u0131z\u0131lha\u00e7 \u00d6rg\u00fct\u00fc; Suudi Arabistan krall\u0131k rejimi komutas\u0131nda Yemen\u2019e bombard\u0131manlarda bulunan koalisyonun, Yemen\u2019de sivil insanlara insani yard\u0131mlar\u0131n ula\u015ft\u0131r\u0131lmas\u0131n\u0131 engelledi\u011fini belirtti. \u00d6rg\u00fct\u00fcn resmi s\u00f6zc\u00fcs\u00fc Sitara Jabeen; Yemen\u2019e g\u00f6nderilmeye \u00e7al\u0131\u015f\u0131lan insani yard\u0131m y\u00fckl\u00fc 2 t\u0131r arac\u0131n\u0131n yan\u0131 s\u0131ra sa\u011fl\u0131k ekibinin Yemen\u2019e giri\u015fine izin verilmedi\u011fini s\u00f6yledi. Jabeen s\u00f6z konusu yard\u0131mlar\u0131n ula\u015ft\u0131r\u0131lmas\u0131 i\u00e7in hava sahas\u0131 ve limanlar\u0131 &hellip;<\/p>\n","protected":false},"author":1,"featured_media":28661,"comment_status":"closed","ping_status":"closed","sticky":false,"template":"","format":"standard","meta":{"footnotes":""},"categories":[458,459,447],"tags":[13277,13278],"class_list":["post-28660","post","type-post","status-publish","format-standard","has-post-thumbnail","","category-dunya1","category-haberler-arap-uluslararasi-politika","category-politika","tag-suudi-komutasindaki-koalisyon-insani-yardimlari-engelliyor-sana-uluslararasi-kizilhac-orgutu-suudi-arabistan-krallik-rejimi-komutasinda-yemene-bombardimanlarda-bulunan-koalisyonun","tag-yemende-sivil-insanlara-insani-yardimlarin-ulastirilmasini-engelledigini-belirtti"],"_links":{"self":[{"href":"https:\/\/archive.sana.sy\/tr\/index.php?rest_route=\/wp\/v2\/posts\/28660","targetHints":{"allow":["GET"]}}],"collection":[{"href":"https:\/\/archive.sana.sy\/tr\/index.php?rest_route=\/wp\/v2\/posts"}],"about":[{"href":"https:\/\/archive.sana.sy\/tr\/index.php?rest_route=\/wp\/v2\/types\/post"}],"author":[{"embeddable":true,"href":"https:\/\/archive.sana.sy\/tr\/index.php?rest_route=\/wp\/v2\/users\/1"}],"replies":[{"embeddable":true,"href":"https:\/\/archive.sana.sy\/tr\/index.php?rest_route=%2Fwp%2Fv2%2Fcomments&post=28660"}],"version-history":[{"count":0,"href":"https:\/\/archive.sana.sy\/tr\/index.php?rest_route=\/wp\/v2\/posts\/28660\/revisions"}],"wp:featuredmedia":[{"embeddable":true,"href":"https:\/\/archive.sana.sy\/tr\/index.php?rest_route=\/wp\/v2\/media\/28661"}],"wp:attachment":[{"href":"https:\/\/archive.sana.sy\/tr\/index.php?rest_route=%2Fwp%2Fv2%2Fmedia&parent=28660"}],"wp:term":[{"taxonomy":"category","embeddable":true,"href":"https:\/\/archive.sana.sy\/tr\/index.php?rest_route=%2Fwp%2Fv2%2Fcategories&post=28660"},{"taxonomy":"post_tag","embeddable":true,"href":"https:\/\/archive.sana.sy\/tr\/index.php?rest_route=%2Fwp%2Fv2%2Ftags&post=28660"}],"curies":[{"name":"wp","href":"https:\/\/api.w.org\/{rel}","templated":true}]}}