{"id":286603,"date":"2023-08-19T14:39:17","date_gmt":"2023-08-19T11:39:17","guid":{"rendered":"http:\/\/sana.sy\/tr\/?p=286603"},"modified":"2023-08-21T11:56:52","modified_gmt":"2023-08-21T08:56:52","slug":"lavrov-rusya-halkini-ve-hayati-cikarlarini-ne-pahasina-olursa-olsun-koruyacak","status":"publish","type":"post","link":"https:\/\/archive.sana.sy\/tr\/?p=286603","title":{"rendered":"Lavrov: Rusya, Halk\u0131n\u0131 Ve Hayati \u00c7\u0131karlar\u0131n\u0131 Ne Pahas\u0131na Olursa Olsun Koruyacak"},"content":{"rendered":"<p style=\"text-align: justify;\"><strong>MOSKOVA 19 A\u011fustos (SANA)<\/strong> &#8211; Rusya D\u0131\u015fi\u015fleri Bakan\u0131 Sergei Lavrov, \u00fclkesinin cayd\u0131r\u0131c\u0131l\u0131k ba\u011flam\u0131nda n\u00fckleer silahlara sahip olmas\u0131n\u0131n, \u015fu anda \u00fclke g\u00fcvenli\u011fine y\u00f6nelik baz\u0131 d\u0131\u015f tehditlere kar\u015f\u0131 tek yan\u0131t oldu\u011funu vurgulad\u0131.<\/p>\n<p style=\"text-align: justify;\">TASS haber ajans\u0131, Lavrov&#8217;un Rus dergisi &#8220;Megdonna Rudnya Zhizn&#8221; ile yapt\u0131\u011f\u0131 r\u00f6portajda,\u00a0 \u2018\u2019N\u00fckleer g\u00fc\u00e7 potansiyelinin gerekli asgari d\u00fczeyde tutulmas\u0131, devlet egemenli\u011finin ve toprak b\u00fct\u00fcnl\u00fc\u011f\u00fcn\u00fcn korunmas\u0131n\u0131 sa\u011flamay\u0131 ve Rusya ve m\u00fcttefiklerine y\u00f6nelik sald\u0131r\u0131lar\u0131 \u00f6nlemeyi ama\u00e7lar\u2019\u2019 diyerek, Rusya taraf\u0131ndan olas\u0131 kullan\u0131m ko\u015fullar\u0131n\u0131n Rus doktrininde d\u00fczenlendi\u011fini vurgulad\u0131\u011f\u0131n\u0131 aktard\u0131.<\/p>\n<p style=\"text-align: justify;\">Lavrov ayr\u0131ca, \u00fclkesinin n\u00fckleer sava\u015f\u0131n kabul edilemezli\u011fi ilkesine tamamen ba\u011fl\u0131 oldu\u011funu ve b\u00f6yle bir sava\u015fta galip gelemeyece\u011fi ger\u00e7e\u011finden hareket etti\u011fini kaydederken, n\u00fckleer seviyeye ge\u00e7i\u015fle dolu oldu\u011fu i\u00e7in n\u00fckleer g\u00fc\u00e7ler aras\u0131nda herhangi bir askeri \u00e7at\u0131\u015fmay\u0131 \u00f6nleme ihtiyac\u0131 \u00e7a\u011fr\u0131s\u0131nda bulundu.<\/p>\n<p><a href=\"https:\/\/t.me\/SuriyeArapHaberAjansI\">Telegram Kanal\u0131m\u0131z\u00a0<\/a><\/p>\n<p><a href=\"https:\/\/www.facebook.com\/SANAHaberAjansi\/\">Facebook Sayfam\u0131z<\/a><\/p>\n<p><a href=\"https:\/\/twitter.com\/arap_ajans\">Twitter Hesab\u0131m\u0131z<\/a><\/p>\n","protected":false},"excerpt":{"rendered":"<p>MOSKOVA 19 A\u011fustos (SANA) &#8211; Rusya D\u0131\u015fi\u015fleri Bakan\u0131 Sergei Lavrov, \u00fclkesinin cayd\u0131r\u0131c\u0131l\u0131k ba\u011flam\u0131nda n\u00fckleer silahlara sahip olmas\u0131n\u0131n, \u015fu anda \u00fclke g\u00fcvenli\u011fine y\u00f6nelik baz\u0131 d\u0131\u015f tehditlere kar\u015f\u0131 tek yan\u0131t oldu\u011funu vurgulad\u0131. TASS haber ajans\u0131, Lavrov&#8217;un Rus dergisi &#8220;Megdonna Rudnya Zhizn&#8221; ile yapt\u0131\u011f\u0131 r\u00f6portajda,\u00a0 \u2018\u2019N\u00fckleer g\u00fc\u00e7 potansiyelinin gerekli asgari d\u00fczeyde tutulmas\u0131, devlet egemenli\u011finin ve toprak b\u00fct\u00fcnl\u00fc\u011f\u00fcn\u00fcn korunmas\u0131n\u0131 &hellip;<\/p>\n","protected":false},"author":41,"featured_media":286604,"comment_status":"closed","ping_status":"closed","sticky":false,"template":"","format":"standard","meta":{"footnotes":""},"categories":[458,459,17988],"tags":[39339,38688,31629],"class_list":["post-286603","post","type-post","status-publish","format-standard","has-post-thumbnail","","category-dunya1","category-haberler-arap-uluslararasi-politika","category-son-haberler","tag-rus-dergisi-megdonna-rudnya-zhizn","tag-rusya-disisleri-bakani-sergei-lavrov","tag-tass-haber-ajansi"],"_links":{"self":[{"href":"https:\/\/archive.sana.sy\/tr\/index.php?rest_route=\/wp\/v2\/posts\/286603","targetHints":{"allow":["GET"]}}],"collection":[{"href":"https:\/\/archive.sana.sy\/tr\/index.php?rest_route=\/wp\/v2\/posts"}],"about":[{"href":"https:\/\/archive.sana.sy\/tr\/index.php?rest_route=\/wp\/v2\/types\/post"}],"author":[{"embeddable":true,"href":"https:\/\/archive.sana.sy\/tr\/index.php?rest_route=\/wp\/v2\/users\/41"}],"replies":[{"embeddable":true,"href":"https:\/\/archive.sana.sy\/tr\/index.php?rest_route=%2Fwp%2Fv2%2Fcomments&post=286603"}],"version-history":[{"count":1,"href":"https:\/\/archive.sana.sy\/tr\/index.php?rest_route=\/wp\/v2\/posts\/286603\/revisions"}],"predecessor-version":[{"id":286605,"href":"https:\/\/archive.sana.sy\/tr\/index.php?rest_route=\/wp\/v2\/posts\/286603\/revisions\/286605"}],"wp:featuredmedia":[{"embeddable":true,"href":"https:\/\/archive.sana.sy\/tr\/index.php?rest_route=\/wp\/v2\/media\/286604"}],"wp:attachment":[{"href":"https:\/\/archive.sana.sy\/tr\/index.php?rest_route=%2Fwp%2Fv2%2Fmedia&parent=286603"}],"wp:term":[{"taxonomy":"category","embeddable":true,"href":"https:\/\/archive.sana.sy\/tr\/index.php?rest_route=%2Fwp%2Fv2%2Fcategories&post=286603"},{"taxonomy":"post_tag","embeddable":true,"href":"https:\/\/archive.sana.sy\/tr\/index.php?rest_route=%2Fwp%2Fv2%2Ftags&post=286603"}],"curies":[{"name":"wp","href":"https:\/\/api.w.org\/{rel}","templated":true}]}}