{"id":286609,"date":"2023-08-19T15:41:22","date_gmt":"2023-08-19T12:41:22","guid":{"rendered":"http:\/\/sana.sy\/tr\/?p=286609"},"modified":"2023-08-21T11:54:06","modified_gmt":"2023-08-21T08:54:06","slug":"lahhud-suriyenin-lubnan-halkina-verdigi-destek-ve-direnis-israil-dusmanina-karsi-zafer-kazanmayi-mumkun-kildi","status":"publish","type":"post","link":"https:\/\/archive.sana.sy\/tr\/?p=286609","title":{"rendered":"Lahhud: Suriye&#8217;nin L\u00fcbnan Halk\u0131na Verdi\u011fi Destek Ve Direni\u015f \u0130srail D\u00fc\u015fman\u0131na Kar\u015f\u0131 Zafer Kazanmay\u0131 M\u00fcmk\u00fcn K\u0131ld\u0131"},"content":{"rendered":"<p style=\"text-align: justify;\"><strong>BEYRUT 19 A\u011fustos (SANA) &#8211;<\/strong> L\u00fcbnan eski milletvekili Emile Lahhud, Suriye&#8217;nin sa\u011flad\u0131\u011f\u0131 deste\u011fin, L\u00fcbnan halk\u0131n\u0131n yan\u0131nda duru\u015funun ve direni\u015fin 2006&#8217;da \u0130srail d\u00fc\u015fman\u0131na kar\u015f\u0131 zafer kazanmay\u0131 m\u00fcmk\u00fcn k\u0131ld\u0131\u011f\u0131n\u0131 vurgulad\u0131.<\/p>\n<p style=\"text-align: justify;\">Lahhud, SANA muhabirine yapt\u0131\u011f\u0131 \u00f6zel a\u00e7\u0131klamada, \u2018\u2019L\u00fcbnan&#8217;\u0131n 2006&#8217;daki zaferi pop\u00fcler ve resmi bir zaferdi. Ancak bug\u00fcn d\u00fc\u015fmanlar, i\u00e7 kar\u0131\u015f\u0131kl\u0131k \u00e7\u0131karmaya \u00e7al\u0131\u015fan ve ekonomik bask\u0131y\u0131 kullanan komplonun boyutuna ra\u011fmen, daha \u00f6nce Suriye&#8217;de kendilerinde ba\u015far\u0131s\u0131z olan yeni bir silaha ba\u015fvurdu. Bunun amac\u0131, direni\u015fi etkilemek olan yeni bir ger\u00e7ekli\u011fe boyun e\u011fmektir\u2019\u2019 ifadelerini kulland\u0131.<\/p>\n<p style=\"text-align: justify;\">Lahhud ayr\u0131ca, &#8220;\u0130stediklerinin L\u00fcbnan i\u00e7indeki b\u00f6l\u00fcnmeleri derinle\u015ftirmek ve derinle\u015ftirmek&#8221; oldu\u011funa dikkat \u00e7ekerken, istenen \u015feyin L\u00fcbnan&#8217;\u0131 ve direni\u015fini zay\u0131flatmak oldu\u011fu i\u00e7in \u00a0teyakkuz ve tedbir ihtiyac\u0131na ve L\u00fcbnanl\u0131lar\u0131n direni\u015fin arkas\u0131nda birle\u015fmesi gerekti\u011fine at\u0131fta bulundu.<\/p>\n<p><a href=\"https:\/\/t.me\/SuriyeArapHaberAjansI\">Telegram Kanal\u0131m\u0131z\u00a0<\/a><\/p>\n<p><a href=\"https:\/\/www.facebook.com\/SANAHaberAjansi\/\">Facebook Sayfam\u0131z<\/a><\/p>\n<p><a href=\"https:\/\/twitter.com\/arap_ajans\">Twitter Hesab\u0131m\u0131z<\/a><\/p>\n","protected":false},"excerpt":{"rendered":"<p>BEYRUT 19 A\u011fustos (SANA) &#8211; L\u00fcbnan eski milletvekili Emile Lahhud, Suriye&#8217;nin sa\u011flad\u0131\u011f\u0131 deste\u011fin, L\u00fcbnan halk\u0131n\u0131n yan\u0131nda duru\u015funun ve direni\u015fin 2006&#8217;da \u0130srail d\u00fc\u015fman\u0131na kar\u015f\u0131 zafer kazanmay\u0131 m\u00fcmk\u00fcn k\u0131ld\u0131\u011f\u0131n\u0131 vurgulad\u0131. Lahhud, SANA muhabirine yapt\u0131\u011f\u0131 \u00f6zel a\u00e7\u0131klamada, \u2018\u2019L\u00fcbnan&#8217;\u0131n 2006&#8217;daki zaferi pop\u00fcler ve resmi bir zaferdi. Ancak bug\u00fcn d\u00fc\u015fmanlar, i\u00e7 kar\u0131\u015f\u0131kl\u0131k \u00e7\u0131karmaya \u00e7al\u0131\u015fan ve ekonomik bask\u0131y\u0131 kullanan komplonun boyutuna &hellip;<\/p>\n","protected":false},"author":41,"featured_media":286610,"comment_status":"closed","ping_status":"closed","sticky":false,"template":"","format":"standard","meta":{"footnotes":""},"categories":[458,459,17988],"tags":[39341,39342],"class_list":["post-286609","post","type-post","status-publish","format-standard","has-post-thumbnail","","category-dunya1","category-haberler-arap-uluslararasi-politika","category-son-haberler","tag-lahhud-suriyenin-lubnan-halkina-verdigi-destek-ve-direnis-israil-dusmanina-karsi-zafer-kazanmayi-mumkun-kildi","tag-lubnan-eski-milletvekili-emile-lahhud"],"_links":{"self":[{"href":"https:\/\/archive.sana.sy\/tr\/index.php?rest_route=\/wp\/v2\/posts\/286609","targetHints":{"allow":["GET"]}}],"collection":[{"href":"https:\/\/archive.sana.sy\/tr\/index.php?rest_route=\/wp\/v2\/posts"}],"about":[{"href":"https:\/\/archive.sana.sy\/tr\/index.php?rest_route=\/wp\/v2\/types\/post"}],"author":[{"embeddable":true,"href":"https:\/\/archive.sana.sy\/tr\/index.php?rest_route=\/wp\/v2\/users\/41"}],"replies":[{"embeddable":true,"href":"https:\/\/archive.sana.sy\/tr\/index.php?rest_route=%2Fwp%2Fv2%2Fcomments&post=286609"}],"version-history":[{"count":1,"href":"https:\/\/archive.sana.sy\/tr\/index.php?rest_route=\/wp\/v2\/posts\/286609\/revisions"}],"predecessor-version":[{"id":286611,"href":"https:\/\/archive.sana.sy\/tr\/index.php?rest_route=\/wp\/v2\/posts\/286609\/revisions\/286611"}],"wp:featuredmedia":[{"embeddable":true,"href":"https:\/\/archive.sana.sy\/tr\/index.php?rest_route=\/wp\/v2\/media\/286610"}],"wp:attachment":[{"href":"https:\/\/archive.sana.sy\/tr\/index.php?rest_route=%2Fwp%2Fv2%2Fmedia&parent=286609"}],"wp:term":[{"taxonomy":"category","embeddable":true,"href":"https:\/\/archive.sana.sy\/tr\/index.php?rest_route=%2Fwp%2Fv2%2Fcategories&post=286609"},{"taxonomy":"post_tag","embeddable":true,"href":"https:\/\/archive.sana.sy\/tr\/index.php?rest_route=%2Fwp%2Fv2%2Ftags&post=286609"}],"curies":[{"name":"wp","href":"https:\/\/api.w.org\/{rel}","templated":true}]}}