{"id":286628,"date":"2023-08-19T15:00:17","date_gmt":"2023-08-19T12:00:17","guid":{"rendered":"http:\/\/sana.sy\/tr\/?p=286628"},"modified":"2023-08-21T11:53:58","modified_gmt":"2023-08-21T08:53:58","slug":"suriyeli-uluslararasi-yuzucu-hammam-mualla-siyonist-olusumdan-bir-yuzucu-bulundugu-icin-dunya-sampiyonasindan-cekildi","status":"publish","type":"post","link":"https:\/\/archive.sana.sy\/tr\/?p=286628","title":{"rendered":"Suriyeli Y\u00fcz\u00fcc\u00fc , Siyonist Olu\u015fumdan Bir Y\u00fcz\u00fcc\u00fc Bulundu\u011fu \u0130\u00e7in D\u00fcnya \u015eampiyonas\u0131ndan \u00c7ekildi"},"content":{"rendered":"<p style=\"text-align: justify;\"><strong>TOKYO 19 A\u011fustos (SANA)<\/strong> &#8211;\u00a0 Suriyeli uluslararas\u0131 y\u00fcz\u00fcc\u00fc Hammam Ha\u015fim Mualla, Japonya&#8217;da d\u00fczenlenen D\u00fcnya Ustalar Y\u00fczme \u015eampiyonas\u0131&#8217;nda 200 metre kelebek yar\u0131\u015f\u0131ndan Siyonist olu\u015fumdan bir oyuncunun kat\u0131l\u0131m\u0131 nedeniyle \u00e7ekildi.<\/p>\n<p style=\"text-align: justify;\">Mualla, yetkisi d\u0131\u015f\u0131nda oldu\u011fu i\u00e7in kat\u0131lmas\u0131 planlanmayan ilk yar\u0131\u015f olan 100m kelebekte yer ald\u0131. Muhala\u2019n\u0131n ana kat\u0131l\u0131m\u0131n\u0131n ve haz\u0131rl\u0131klar\u0131n\u0131n, ayn\u0131 yar\u0131\u015fta Siyonist olu\u015fumdan bir y\u00fcz\u00fcc\u00fcn\u00fcn bulunmas\u0131 nedeniyle resmen geri \u00e7ekildi\u011fi 200m kelebek yar\u0131\u015f\u0131nda oldu\u011funa dikkat \u00e7ekicidir.<\/p>\n<p style=\"text-align: justify;\"><a href=\"https:\/\/t.me\/SuriyeArapHaberAjansI\">Telegram Kanal\u0131m\u0131z\u00a0<\/a><\/p>\n<p style=\"text-align: justify;\"><a href=\"https:\/\/www.facebook.com\/SANAHaberAjansi\/\">Facebook Sayfam\u0131z<\/a><\/p>\n<p style=\"text-align: justify;\"><a href=\"https:\/\/twitter.com\/arap_ajans\">Twitter Hesab\u0131m\u0131z<\/a><\/p>\n","protected":false},"excerpt":{"rendered":"<p>TOKYO 19 A\u011fustos (SANA) &#8211;\u00a0 Suriyeli uluslararas\u0131 y\u00fcz\u00fcc\u00fc Hammam Ha\u015fim Mualla, Japonya&#8217;da d\u00fczenlenen D\u00fcnya Ustalar Y\u00fczme \u015eampiyonas\u0131&#8217;nda 200 metre kelebek yar\u0131\u015f\u0131ndan Siyonist olu\u015fumdan bir oyuncunun kat\u0131l\u0131m\u0131 nedeniyle \u00e7ekildi. Mualla, yetkisi d\u0131\u015f\u0131nda oldu\u011fu i\u00e7in kat\u0131lmas\u0131 planlanmayan ilk yar\u0131\u015f olan 100m kelebekte yer ald\u0131. Muhala\u2019n\u0131n ana kat\u0131l\u0131m\u0131n\u0131n ve haz\u0131rl\u0131klar\u0131n\u0131n, ayn\u0131 yar\u0131\u015fta Siyonist olu\u015fumdan bir y\u00fcz\u00fcc\u00fcn\u00fcn bulunmas\u0131 nedeniyle &hellip;<\/p>\n","protected":false},"author":41,"featured_media":286629,"comment_status":"closed","ping_status":"closed","sticky":false,"template":"","format":"standard","meta":{"footnotes":""},"categories":[458,498,459,17988,496],"tags":[39348,39347],"class_list":["post-286628","post","type-post","status-publish","format-standard","has-post-thumbnail","","category-dunya1","category-dunya-turnuvalari","category-haberler-arap-uluslararasi-politika","category-son-haberler","category-spor","tag-siyonist-olusumdan-bir-yuzucu-bulundugu-icin-dunya-sampiyonasindan-cekildi","tag-suriyeli-uluslararasi-yuzucu-hammam-mualla"],"_links":{"self":[{"href":"https:\/\/archive.sana.sy\/tr\/index.php?rest_route=\/wp\/v2\/posts\/286628","targetHints":{"allow":["GET"]}}],"collection":[{"href":"https:\/\/archive.sana.sy\/tr\/index.php?rest_route=\/wp\/v2\/posts"}],"about":[{"href":"https:\/\/archive.sana.sy\/tr\/index.php?rest_route=\/wp\/v2\/types\/post"}],"author":[{"embeddable":true,"href":"https:\/\/archive.sana.sy\/tr\/index.php?rest_route=\/wp\/v2\/users\/41"}],"replies":[{"embeddable":true,"href":"https:\/\/archive.sana.sy\/tr\/index.php?rest_route=%2Fwp%2Fv2%2Fcomments&post=286628"}],"version-history":[{"count":2,"href":"https:\/\/archive.sana.sy\/tr\/index.php?rest_route=\/wp\/v2\/posts\/286628\/revisions"}],"predecessor-version":[{"id":286631,"href":"https:\/\/archive.sana.sy\/tr\/index.php?rest_route=\/wp\/v2\/posts\/286628\/revisions\/286631"}],"wp:featuredmedia":[{"embeddable":true,"href":"https:\/\/archive.sana.sy\/tr\/index.php?rest_route=\/wp\/v2\/media\/286629"}],"wp:attachment":[{"href":"https:\/\/archive.sana.sy\/tr\/index.php?rest_route=%2Fwp%2Fv2%2Fmedia&parent=286628"}],"wp:term":[{"taxonomy":"category","embeddable":true,"href":"https:\/\/archive.sana.sy\/tr\/index.php?rest_route=%2Fwp%2Fv2%2Fcategories&post=286628"},{"taxonomy":"post_tag","embeddable":true,"href":"https:\/\/archive.sana.sy\/tr\/index.php?rest_route=%2Fwp%2Fv2%2Ftags&post=286628"}],"curies":[{"name":"wp","href":"https:\/\/api.w.org\/{rel}","templated":true}]}}