{"id":28665,"date":"2015-04-05T16:07:23","date_gmt":"2015-04-05T13:07:23","guid":{"rendered":"http:\/\/www.sana.sy\/tr\/?p=28665"},"modified":"2015-04-05T16:07:23","modified_gmt":"2015-04-05T13:07:23","slug":"haseke-kirsalinda-kiliseyi-havaya-ucurdular","status":"publish","type":"post","link":"https:\/\/archive.sana.sy\/tr\/?p=28665","title":{"rendered":"Haseke K\u0131rsal\u0131nda Kiliseyi Havaya U\u00e7urdular"},"content":{"rendered":"<p>HASEKE \u2013 I\u015e\u0130D \u00e7eteleri, Haseke k\u0131rsal\u0131n\u0131n Tel Nasri K\u00f6y\u00fcnde Meryem el Azra Kilisesini ya\u011fmalamalar\u0131 ard\u0131ndan havaya u\u00e7urdu.<\/p>\n<p>SANA\u2019n\u0131n Haseke\u2019deki muhabirine konu\u015fan yerel kaynaklar; Haseke Kentinin bat\u0131s\u0131na d\u00fc\u015fen Tel Temir Beldesinin g\u00fcneyi Tel Nasri K\u00f6y\u00fcndeki kiliseye patlay\u0131c\u0131 yerle\u015ftirerek havaya u\u00e7urduklar\u0131n\u0131 aktard\u0131. Kaynaklar radikal ter\u00f6ristlerin s\u00f6z konusu kiliseyi kast\u0131l\u0131 bir \u015fekilde paskalya bayram\u0131na e\u015f zamanl\u0131 olarak havaya u\u00e7urduklar\u0131na dikkat \u00e7ekti.<\/p>\n<p>1934 y\u0131l\u0131nda in\u015fa edilen ve 2005 y\u0131l\u0131nda modern mimari sitiliyle restore edilip kutsalla\u015ft\u0131r\u0131lan kilise, k\u00f6ydeki temel 3 kiliseden biri say\u0131l\u0131yor.<\/p>\n<p>I\u015e\u0130D \u00e7eteleri daha \u00f6nce Haseke k\u0131rsal\u0131nda Suriye&#8217;de en kadim kiliselerden biri say\u0131lan Tel H\u00fcrm\u00fcz Kilisesinin yan\u0131 s\u0131ra daha bir \u00e7ok tarihi ve manevi de\u011feri b\u00fcy\u00fck kiliseyi ya\u011fmalay\u0131p havaya u\u00e7urmu\u015flard\u0131.<\/p>\n<p>A.A.<\/p>\n","protected":false},"excerpt":{"rendered":"<p>HASEKE \u2013 I\u015e\u0130D \u00e7eteleri, Haseke k\u0131rsal\u0131n\u0131n Tel Nasri K\u00f6y\u00fcnde Meryem el Azra Kilisesini ya\u011fmalamalar\u0131 ard\u0131ndan havaya u\u00e7urdu. SANA\u2019n\u0131n Haseke\u2019deki muhabirine konu\u015fan yerel kaynaklar; Haseke Kentinin bat\u0131s\u0131na d\u00fc\u015fen Tel Temir Beldesinin g\u00fcneyi Tel Nasri K\u00f6y\u00fcndeki kiliseye patlay\u0131c\u0131 yerle\u015ftirerek havaya u\u00e7urduklar\u0131n\u0131 aktard\u0131. Kaynaklar radikal ter\u00f6ristlerin s\u00f6z konusu kiliseyi kast\u0131l\u0131 bir \u015fekilde paskalya bayram\u0131na e\u015f zamanl\u0131 olarak havaya &hellip;<\/p>\n","protected":false},"author":1,"featured_media":28666,"comment_status":"closed","ping_status":"closed","sticky":false,"template":"","format":"standard","meta":{"footnotes":""},"categories":[575],"tags":[13279,13280],"class_list":["post-28665","post","type-post","status-publish","format-standard","has-post-thumbnail","","category-olaylar-ve-gercekler","tag-haseke-kirsalinda-kiliseyi-havaya-ucurdular-haseke-isid-ceteleri","tag-haseke-kirsalinin-tel-nasri-koyunde-meryem-el-azra-kilisesini-yagmalamalari-ardindan-havaya-ucurdu"],"_links":{"self":[{"href":"https:\/\/archive.sana.sy\/tr\/index.php?rest_route=\/wp\/v2\/posts\/28665","targetHints":{"allow":["GET"]}}],"collection":[{"href":"https:\/\/archive.sana.sy\/tr\/index.php?rest_route=\/wp\/v2\/posts"}],"about":[{"href":"https:\/\/archive.sana.sy\/tr\/index.php?rest_route=\/wp\/v2\/types\/post"}],"author":[{"embeddable":true,"href":"https:\/\/archive.sana.sy\/tr\/index.php?rest_route=\/wp\/v2\/users\/1"}],"replies":[{"embeddable":true,"href":"https:\/\/archive.sana.sy\/tr\/index.php?rest_route=%2Fwp%2Fv2%2Fcomments&post=28665"}],"version-history":[{"count":0,"href":"https:\/\/archive.sana.sy\/tr\/index.php?rest_route=\/wp\/v2\/posts\/28665\/revisions"}],"wp:featuredmedia":[{"embeddable":true,"href":"https:\/\/archive.sana.sy\/tr\/index.php?rest_route=\/wp\/v2\/media\/28666"}],"wp:attachment":[{"href":"https:\/\/archive.sana.sy\/tr\/index.php?rest_route=%2Fwp%2Fv2%2Fmedia&parent=28665"}],"wp:term":[{"taxonomy":"category","embeddable":true,"href":"https:\/\/archive.sana.sy\/tr\/index.php?rest_route=%2Fwp%2Fv2%2Fcategories&post=28665"},{"taxonomy":"post_tag","embeddable":true,"href":"https:\/\/archive.sana.sy\/tr\/index.php?rest_route=%2Fwp%2Fv2%2Ftags&post=28665"}],"curies":[{"name":"wp","href":"https:\/\/api.w.org\/{rel}","templated":true}]}}