{"id":286654,"date":"2023-08-20T12:24:14","date_gmt":"2023-08-20T09:24:14","guid":{"rendered":"http:\/\/sana.sy\/tr\/?p=286654"},"modified":"2023-08-21T11:54:43","modified_gmt":"2023-08-21T08:54:43","slug":"rusyanin-kursk-kentinde-ukraynanin-ihaiyla-tren-istasyonuna-duzenledigi-saldirida-5-kisi-yaralandi","status":"publish","type":"post","link":"https:\/\/archive.sana.sy\/tr\/?p=286654","title":{"rendered":"Rusya&#8217;n\u0131n Kursk Kentinde Ukrayna&#8217;n\u0131n \u0130HA&#8217;\u0131yla Tren \u0130stasyonuna D\u00fczenledi\u011fi Sald\u0131r\u0131da 5 Ki\u015fi Yaraland\u0131"},"content":{"rendered":"<p style=\"text-align: justify;\"><strong>MOSKOVA 20 A\u011fustos (SANA)<\/strong> \u2013 Ukrayna&#8217;n\u0131n, Rusya&#8217;n\u0131n g\u00fcneybat\u0131s\u0131ndaki Kursk kentindeki tren istasyonunu hedef alan bir \u0130HA&#8217;\u0131yla d\u00fczenledi\u011fi sald\u0131r\u0131da 5 ki\u015fi yaraland\u0131.<\/p>\n<p style=\"text-align: justify;\">NOVOST\u0130 ajans\u0131n\u0131n aktard\u0131\u011f\u0131na g\u00f6re, Kursk b\u00f6lgesi valisi Roman Starovit, &#8220;Telegram&#8221; internet sitesindeki sayfas\u0131nda, &#8220;Kursk \u015fehri, Ukraynal\u0131 bir \u0130HA&#8217;\u0131n\u0131n sald\u0131r\u0131ya d\u00fczenledi\u011fini ve bunun sonucunda yang\u0131n \u00e7\u0131kt\u0131\u011f\u0131n\u0131 ve 5 ki\u015fi yaraland\u0131\u011f\u0131n\u0131&#8221; belirtti.<\/p>\n<p style=\"text-align: justify;\">SPUTN\u0130K Haber ajans\u0131, Rus ordusu, bug\u00fcn Moskova\u2019daki hedeflere bir insans\u0131z hava arac\u0131yla ger\u00e7ekle\u015ftirilecek ter\u00f6r sald\u0131r\u0131s\u0131 giri\u015fimini engelledi\u011fini\u201d kaydetti.<\/p>\n<p><a href=\"https:\/\/t.me\/SuriyeArapHaberAjansI\">Telegram Kanal\u0131m\u0131z\u00a0<\/a><\/p>\n<p><a href=\"https:\/\/www.facebook.com\/SANAHaberAjansi\/\">Facebook Sayfam\u0131z<\/a><\/p>\n<p><a href=\"https:\/\/twitter.com\/arap_ajans\">Twitter Hesab\u0131m\u0131z<\/a><\/p>\n","protected":false},"excerpt":{"rendered":"<p>MOSKOVA 20 A\u011fustos (SANA) \u2013 Ukrayna&#8217;n\u0131n, Rusya&#8217;n\u0131n g\u00fcneybat\u0131s\u0131ndaki Kursk kentindeki tren istasyonunu hedef alan bir \u0130HA&#8217;\u0131yla d\u00fczenledi\u011fi sald\u0131r\u0131da 5 ki\u015fi yaraland\u0131. NOVOST\u0130 ajans\u0131n\u0131n aktard\u0131\u011f\u0131na g\u00f6re, Kursk b\u00f6lgesi valisi Roman Starovit, &#8220;Telegram&#8221; internet sitesindeki sayfas\u0131nda, &#8220;Kursk \u015fehri, Ukraynal\u0131 bir \u0130HA&#8217;\u0131n\u0131n sald\u0131r\u0131ya d\u00fczenledi\u011fini ve bunun sonucunda yang\u0131n \u00e7\u0131kt\u0131\u011f\u0131n\u0131 ve 5 ki\u015fi yaraland\u0131\u011f\u0131n\u0131&#8221; belirtti. SPUTN\u0130K Haber ajans\u0131, Rus &hellip;<\/p>\n","protected":false},"author":39,"featured_media":286655,"comment_status":"closed","ping_status":"closed","sticky":false,"template":"","format":"standard","meta":{"footnotes":""},"categories":[458,459,17988],"tags":[39349,39350],"class_list":["post-286654","post","type-post","status-publish","format-standard","has-post-thumbnail","","category-dunya1","category-haberler-arap-uluslararasi-politika","category-son-haberler","tag-novosti-ajansi","tag-rusyanin-guneybatisindaki-kursk-kenti"],"_links":{"self":[{"href":"https:\/\/archive.sana.sy\/tr\/index.php?rest_route=\/wp\/v2\/posts\/286654","targetHints":{"allow":["GET"]}}],"collection":[{"href":"https:\/\/archive.sana.sy\/tr\/index.php?rest_route=\/wp\/v2\/posts"}],"about":[{"href":"https:\/\/archive.sana.sy\/tr\/index.php?rest_route=\/wp\/v2\/types\/post"}],"author":[{"embeddable":true,"href":"https:\/\/archive.sana.sy\/tr\/index.php?rest_route=\/wp\/v2\/users\/39"}],"replies":[{"embeddable":true,"href":"https:\/\/archive.sana.sy\/tr\/index.php?rest_route=%2Fwp%2Fv2%2Fcomments&post=286654"}],"version-history":[{"count":1,"href":"https:\/\/archive.sana.sy\/tr\/index.php?rest_route=\/wp\/v2\/posts\/286654\/revisions"}],"predecessor-version":[{"id":286656,"href":"https:\/\/archive.sana.sy\/tr\/index.php?rest_route=\/wp\/v2\/posts\/286654\/revisions\/286656"}],"wp:featuredmedia":[{"embeddable":true,"href":"https:\/\/archive.sana.sy\/tr\/index.php?rest_route=\/wp\/v2\/media\/286655"}],"wp:attachment":[{"href":"https:\/\/archive.sana.sy\/tr\/index.php?rest_route=%2Fwp%2Fv2%2Fmedia&parent=286654"}],"wp:term":[{"taxonomy":"category","embeddable":true,"href":"https:\/\/archive.sana.sy\/tr\/index.php?rest_route=%2Fwp%2Fv2%2Fcategories&post=286654"},{"taxonomy":"post_tag","embeddable":true,"href":"https:\/\/archive.sana.sy\/tr\/index.php?rest_route=%2Fwp%2Fv2%2Ftags&post=286654"}],"curies":[{"name":"wp","href":"https:\/\/api.w.org\/{rel}","templated":true}]}}