{"id":286657,"date":"2023-08-20T14:25:21","date_gmt":"2023-08-20T11:25:21","guid":{"rendered":"http:\/\/sana.sy\/tr\/?p=286657"},"modified":"2023-08-22T08:04:36","modified_gmt":"2023-08-22T05:04:36","slug":"cumhurbaskani-esad-ulusal-bilim-olimpiyatlari-ogrencilerinin-devlet-universitelerine-kabulune-iliskin-hukumlerden-birini-degistiren-bir-k-h-kararname-yayinladi","status":"publish","type":"post","link":"https:\/\/archive.sana.sy\/tr\/?p=286657","title":{"rendered":"Cumhurba\u015fkan\u0131 Esad, Ulusal Bilim Olimpiyatlar\u0131 \u00d6\u011frencileri \u0130le \u0130lgili Bir K.H. Kararname Yay\u0131nlad\u0131"},"content":{"rendered":"<p style=\"text-align: justify;\"><strong>\u015eAM 20 A\u011fustos 2023<\/strong> &#8211; Cumhurba\u015fkan\u0131 Be\u015f\u015far Esad bug\u00fcn, 2016 tarihli \/ 4\/ Say\u0131l\u0131 Kanun H\u00fckm\u00fcnde Kararnamenin \/ 1\/ Maddesinin \/ A \/ F\u0131kras\u0131n\u0131n \/ 3 \/ F\u0131kras\u0131n\u0131 de\u011fi\u015ftiren \/ 18 \/ 2023 tarihli Kanun H\u00fckm\u00fcnde Kararnameyi yay\u0131nlad\u0131.<\/p>\n<p style=\"text-align: justify;\">B\u00f6ylece devlet \u00fcniversitelerine kabul ve doktora derecesi almak i\u00e7in delegasyon, ilk kazananla s\u0131n\u0131rl\u0131 olmak yerine Ulusal Bilim Olimpiyat\u0131 disiplinlerinin her birinde alt\u0131n madalya alan t\u00fcm alt\u0131n madalyalar\u0131 i\u00e7erecektir.<\/p>\n<p style=\"text-align: justify;\"><a href=\"https:\/\/t.me\/SuriyeArapHaberAjansI\">Telegram Kanal\u0131m\u0131z\u00a0<\/a><\/p>\n<p style=\"text-align: justify;\"><a href=\"https:\/\/www.facebook.com\/SANAHaberAjansi\/\">Facebook Sayfam\u0131z<\/a><\/p>\n<p style=\"text-align: justify;\"><a href=\"https:\/\/twitter.com\/arap_ajans\">Twitter Hesab\u0131m\u0131z<\/a><\/p>\n","protected":false},"excerpt":{"rendered":"<p>\u015eAM 20 A\u011fustos 2023 &#8211; Cumhurba\u015fkan\u0131 Be\u015f\u015far Esad bug\u00fcn, 2016 tarihli \/ 4\/ Say\u0131l\u0131 Kanun H\u00fckm\u00fcnde Kararnamenin \/ 1\/ Maddesinin \/ A \/ F\u0131kras\u0131n\u0131n \/ 3 \/ F\u0131kras\u0131n\u0131 de\u011fi\u015ftiren \/ 18 \/ 2023 tarihli Kanun H\u00fckm\u00fcnde Kararnameyi yay\u0131nlad\u0131. B\u00f6ylece devlet \u00fcniversitelerine kabul ve doktora derecesi almak i\u00e7in delegasyon, ilk kazananla s\u0131n\u0131rl\u0131 olmak yerine Ulusal Bilim &hellip;<\/p>\n","protected":false},"author":39,"featured_media":286658,"comment_status":"closed","ping_status":"closed","sticky":false,"template":"","format":"standard","meta":{"footnotes":""},"categories":[606,605,17988,599],"tags":[19174,38641],"class_list":["post-286657","post","type-post","status-publish","format-standard","has-post-thumbnail","","category-cumhurbaskani","category-sayin-cumhurbaskani","category-son-haberler","category-yasama-ve-kanunlar","tag-suriyede-son-durumlar","tag-suriyede-son-gelimeler"],"_links":{"self":[{"href":"https:\/\/archive.sana.sy\/tr\/index.php?rest_route=\/wp\/v2\/posts\/286657","targetHints":{"allow":["GET"]}}],"collection":[{"href":"https:\/\/archive.sana.sy\/tr\/index.php?rest_route=\/wp\/v2\/posts"}],"about":[{"href":"https:\/\/archive.sana.sy\/tr\/index.php?rest_route=\/wp\/v2\/types\/post"}],"author":[{"embeddable":true,"href":"https:\/\/archive.sana.sy\/tr\/index.php?rest_route=\/wp\/v2\/users\/39"}],"replies":[{"embeddable":true,"href":"https:\/\/archive.sana.sy\/tr\/index.php?rest_route=%2Fwp%2Fv2%2Fcomments&post=286657"}],"version-history":[{"count":3,"href":"https:\/\/archive.sana.sy\/tr\/index.php?rest_route=\/wp\/v2\/posts\/286657\/revisions"}],"predecessor-version":[{"id":286662,"href":"https:\/\/archive.sana.sy\/tr\/index.php?rest_route=\/wp\/v2\/posts\/286657\/revisions\/286662"}],"wp:featuredmedia":[{"embeddable":true,"href":"https:\/\/archive.sana.sy\/tr\/index.php?rest_route=\/wp\/v2\/media\/286658"}],"wp:attachment":[{"href":"https:\/\/archive.sana.sy\/tr\/index.php?rest_route=%2Fwp%2Fv2%2Fmedia&parent=286657"}],"wp:term":[{"taxonomy":"category","embeddable":true,"href":"https:\/\/archive.sana.sy\/tr\/index.php?rest_route=%2Fwp%2Fv2%2Fcategories&post=286657"},{"taxonomy":"post_tag","embeddable":true,"href":"https:\/\/archive.sana.sy\/tr\/index.php?rest_route=%2Fwp%2Fv2%2Ftags&post=286657"}],"curies":[{"name":"wp","href":"https:\/\/api.w.org\/{rel}","templated":true}]}}