{"id":28668,"date":"2015-04-05T16:30:00","date_gmt":"2015-04-05T13:30:00","guid":{"rendered":"http:\/\/www.sana.sy\/tr\/?p=28668"},"modified":"2015-04-05T16:30:00","modified_gmt":"2015-04-05T13:30:00","slug":"belarus-traktor-uretimi-ve-elektrik-teknolojisini-suriyeye-tasiyacak","status":"publish","type":"post","link":"https:\/\/archive.sana.sy\/tr\/?p=28668","title":{"rendered":"Belarus, Trakt\u00f6r \u00dcretimi ve Elektrik Teknolojisini Suriye&#8217;ye Ta\u015f\u0131yacak"},"content":{"rendered":"<p>M\u0130NSK \u2013 Belarus Ekonomi Bakan\u0131 Vladimir Zinowsky Suriye Belarus karma h\u00fck\u00fcmet komitesinin ortak temaslar\u0131 sonucunda sa\u011flanan sonu\u00e7lar ve sonu\u00e7 protokol\u00fcn\u00fcn y\u00f6nelimlerinden duydu\u011fu memnuniyeti ifade etti.<\/p>\n<p>SANA\u2019n\u0131n Minsk muhabirine a\u00e7\u0131klama yapan Zinowsky; h\u00fck\u00fcmet karma komitesinin sonu\u00e7 protokol\u00fcnde iki taraf aras\u0131nda ekonomi, sanayi, teknik, \u00f6\u011fretim, sosyal hizmetler, sa\u011fl\u0131k ve daha ba\u015fka alanlarda i\u015fbirli\u011finin \u00f6neminde g\u00f6r\u00fc\u015f birli\u011fi kaydedildi\u011fini belirtti.<\/p>\n<p>Zinowsky iki taraf aras\u0131nda bir\u00e7ok alanda ortak \u00e7al\u0131\u015fmalarda bulunma \u00fczerine anla\u015f\u0131ld\u0131\u011f\u0131na i\u015faret ederken, bu anla\u015fmalar kapsam\u0131nda Belarus trakt\u00f6rlerinin Suriye&#8217;de \u00fcretilmeye ba\u015flanaca\u011f\u0131n\u0131 ve elektrik teknolojisinin de Suriye&#8217;ye aktar\u0131laca\u011f\u0131n\u0131 a\u00e7\u0131klad\u0131.<\/p>\n<p>Zinowsky Suriye ile \u00fclkesi aras\u0131ndaki i\u015fbirli\u011finin muhtelif alanlarda geli\u015fmeye devam edece\u011fine inand\u0131\u011f\u0131n\u0131 s\u00f6yledi.<\/p>\n<p>Benzer bir a\u00e7\u0131klamada Sanayi Bakan\u0131m\u0131z Kemalettin Touma; iki \u00fclke karma h\u00fck\u00fcmet komitesinin alt\u0131nc\u0131 oturumlar\u0131n\u0131n Suriye&#8217;nin maruz kald\u0131\u011f\u0131 durumlar g\u00f6lgesinde d\u00fczenlendi\u011fine dikkat \u00e7ekerken, dost \u00fclkelerle ortak \u00e7al\u0131\u015fmalarda bulunma \u00f6nemine dikkat \u00e7ekti.<\/p>\n<p>B\u00f6lgesel ve everensel devletlerin deste\u011fi ile d\u00fcnyan\u0131n her yerinden gelen radikal ter\u00f6ristlerin Suriye&#8217;de altyap\u0131 ve hizmet kurumlar\u0131n\u0131 sistematik bir \u015fekilde sabote ettiklerine dikkat \u00e7eken Touma; vatanda\u015flar\u0131n ihtiya\u00e7 ve gereksinimlerini sa\u011flama, hizmet \u015febekeleri ve kurumlar\u0131n\u0131 yeniden \u00e7al\u0131\u015ft\u0131rma amac\u0131yla dost \u00fclkelerle ortak \u00e7al\u0131\u015fmalar\u0131n yo\u011funla\u015ft\u0131r\u0131laca\u011f\u0131n\u0131 s\u00f6yledi.<\/p>\n<p>Bat\u0131l\u0131 ve b\u00f6lgesel kimi devletlerin Suriye halk\u0131na kar\u015f\u0131 ekonomik yapt\u0131r\u0131mlara da i\u015faret eden Touma; bu bask\u0131lar\u0131n \u00fcstesinden gelmede Belarus ile i\u015fbirli\u011finin b\u00fcy\u00fck bir katk\u0131 sa\u011flayaca\u011f\u0131n\u0131 ifade etti. Bakan Touma Belarus yetkililerin Suriye ile \u00f6zellikle ekonomik, ticari ve teknik alanlarda ortak \u00e7al\u0131\u015fmalar\u0131 peki\u015ftirmede ciddi bir arzu sergilediklerini s\u00f6yledi.<\/p>\n<p>A.A.<\/p>\n","protected":false},"excerpt":{"rendered":"<p>M\u0130NSK \u2013 Belarus Ekonomi Bakan\u0131 Vladimir Zinowsky Suriye Belarus karma h\u00fck\u00fcmet komitesinin ortak temaslar\u0131 sonucunda sa\u011flanan sonu\u00e7lar ve sonu\u00e7 protokol\u00fcn\u00fcn y\u00f6nelimlerinden duydu\u011fu memnuniyeti ifade etti. SANA\u2019n\u0131n Minsk muhabirine a\u00e7\u0131klama yapan Zinowsky; h\u00fck\u00fcmet karma komitesinin sonu\u00e7 protokol\u00fcnde iki taraf aras\u0131nda ekonomi, sanayi, teknik, \u00f6\u011fretim, sosyal hizmetler, sa\u011fl\u0131k ve daha ba\u015fka alanlarda i\u015fbirli\u011finin \u00f6neminde g\u00f6r\u00fc\u015f birli\u011fi kaydedildi\u011fini &hellip;<\/p>\n","protected":false},"author":1,"featured_media":28669,"comment_status":"closed","ping_status":"closed","sticky":false,"template":"","format":"standard","meta":{"footnotes":""},"categories":[458,485,486,459],"tags":[8825,13281],"class_list":["post-28668","post","type-post","status-publish","format-standard","has-post-thumbnail","","category-dunya1","category-is-ve-sermaye","category-haberler-is-ve-sermaye","category-haberler-arap-uluslararasi-politika","tag-belarus","tag-traktor-uretimi-ve-elektrik-teknolojisini-suriyeye-tasiyacak-minsk-belarus-ekonomi-bakani-vladimir-zinowsky-suriye-belarus-karma-hukumet-komitesinin-ortak-temaslari-sonucunda-saglanan-sonuc"],"_links":{"self":[{"href":"https:\/\/archive.sana.sy\/tr\/index.php?rest_route=\/wp\/v2\/posts\/28668","targetHints":{"allow":["GET"]}}],"collection":[{"href":"https:\/\/archive.sana.sy\/tr\/index.php?rest_route=\/wp\/v2\/posts"}],"about":[{"href":"https:\/\/archive.sana.sy\/tr\/index.php?rest_route=\/wp\/v2\/types\/post"}],"author":[{"embeddable":true,"href":"https:\/\/archive.sana.sy\/tr\/index.php?rest_route=\/wp\/v2\/users\/1"}],"replies":[{"embeddable":true,"href":"https:\/\/archive.sana.sy\/tr\/index.php?rest_route=%2Fwp%2Fv2%2Fcomments&post=28668"}],"version-history":[{"count":0,"href":"https:\/\/archive.sana.sy\/tr\/index.php?rest_route=\/wp\/v2\/posts\/28668\/revisions"}],"wp:featuredmedia":[{"embeddable":true,"href":"https:\/\/archive.sana.sy\/tr\/index.php?rest_route=\/wp\/v2\/media\/28669"}],"wp:attachment":[{"href":"https:\/\/archive.sana.sy\/tr\/index.php?rest_route=%2Fwp%2Fv2%2Fmedia&parent=28668"}],"wp:term":[{"taxonomy":"category","embeddable":true,"href":"https:\/\/archive.sana.sy\/tr\/index.php?rest_route=%2Fwp%2Fv2%2Fcategories&post=28668"},{"taxonomy":"post_tag","embeddable":true,"href":"https:\/\/archive.sana.sy\/tr\/index.php?rest_route=%2Fwp%2Fv2%2Ftags&post=28668"}],"curies":[{"name":"wp","href":"https:\/\/api.w.org\/{rel}","templated":true}]}}