{"id":28671,"date":"2015-04-05T17:06:07","date_gmt":"2015-04-05T14:06:07","guid":{"rendered":"http:\/\/www.sana.sy\/tr\/?p=28671"},"modified":"2015-04-05T17:06:07","modified_gmt":"2015-04-05T14:06:07","slug":"emek-ve-sevgiyle-yeniden-yapilandiracagiz","status":"publish","type":"post","link":"https:\/\/archive.sana.sy\/tr\/?p=28671","title":{"rendered":"Emek ve Sevgiyle Yeniden Yap\u0131land\u0131raca\u011f\u0131z"},"content":{"rendered":"<p>\u015eAM \u2013 \u0130n\u015faat M\u00fchendisleri Sendikas\u0131 bug\u00fcn \u015eam\u2019da Suriye&#8217;yi Emek ve Sevgiyle Yeniden Yap\u0131land\u0131raca\u011f\u0131z slogan\u0131 alt\u0131nda 30. y\u0131ll\u0131k kongresini d\u00fczenledi.<\/p>\n<p><a href=\"http:\/\/www.sana.sy\/tr\/wp-content\/uploads\/2015\/04\/Emek-ve-Sevgiyle-Yeniden-Yap\u0131land\u0131raca\u011f\u0131z-2.jpg\"><img loading=\"lazy\" decoding=\"async\" class=\"alignright wp-image-28673 size-medium\" src=\"http:\/\/www.sana.sy\/tr\/wp-content\/uploads\/2015\/04\/Emek-ve-Sevgiyle-Yeniden-Yap\u0131land\u0131raca\u011f\u0131z-2-300x160.jpg\" alt=\"Emek ve Sevgiyle Yeniden Yap\u0131land\u0131raca\u011f\u0131z 2\" width=\"300\" height=\"160\" srcset=\"https:\/\/archive.sana.sy\/tr\/wp-content\/uploads\/2015\/04\/Emek-ve-Sevgiyle-Yeniden-Yap\u0131land\u0131raca\u011f\u0131z-2-300x160.jpg 300w, https:\/\/archive.sana.sy\/tr\/wp-content\/uploads\/2015\/04\/Emek-ve-Sevgiyle-Yeniden-Yap\u0131land\u0131raca\u011f\u0131z-2-150x80.jpg 150w, https:\/\/archive.sana.sy\/tr\/wp-content\/uploads\/2015\/04\/Emek-ve-Sevgiyle-Yeniden-Yap\u0131land\u0131raca\u011f\u0131z-2.jpg 620w\" sizes=\"auto, (max-width: 300px) 100vw, 300px\" \/><\/a>\u00c7al\u0131\u015fmalar\u0131nda kar\u015f\u0131la\u015ft\u0131klar\u0131 zorluklar ve bu zorluklar\u0131 ilgili bakanl\u0131k ve kurumlarla i\u015fbirli\u011fi i\u00e7inde a\u015fma yollar\u0131n\u0131n tart\u0131\u015f\u0131ld\u0131\u011f\u0131 oturumlarda in\u015faat m\u00fcteahhitleri; \u00f6zellikle ya\u015fanan ko\u015fullar ve in\u015faat malzemelerindeki fiyat art\u0131\u015flar\u0131 nedeniyle ask\u0131da kalan projeleri etkinle\u015ftirme \u00fczerine odakland\u0131lar.<\/p>\n<p>Oturumlarda konu\u015fan Bay\u0131nd\u0131rl\u0131k Bakan\u0131 H\u00fcseyin Arnus; bay\u0131nd\u0131rl\u0131k ve iskan ve kalk\u0131nma bakanl\u0131klar\u0131 ile m\u00fchendisler ve m\u00fcteahhitler sendikalar\u0131 aras\u0131nda ortak \u00e7abalar\u0131n yo\u011funla\u015ft\u0131r\u0131lmas\u0131 \u00f6nemine dikkat \u00e7ekti.<\/p>\n<p><a href=\"http:\/\/www.sana.sy\/tr\/wp-content\/uploads\/2015\/04\/Emek-ve-Sevgiyle-Yeniden-Yap\u0131land\u0131raca\u011f\u0131z-3.jpg\"><img loading=\"lazy\" decoding=\"async\" class=\"alignright wp-image-28674 size-medium\" src=\"http:\/\/www.sana.sy\/tr\/wp-content\/uploads\/2015\/04\/Emek-ve-Sevgiyle-Yeniden-Yap\u0131land\u0131raca\u011f\u0131z-3-300x160.jpg\" alt=\"Emek ve Sevgiyle Yeniden Yap\u0131land\u0131raca\u011f\u0131z 3\" width=\"300\" height=\"160\" srcset=\"https:\/\/archive.sana.sy\/tr\/wp-content\/uploads\/2015\/04\/Emek-ve-Sevgiyle-Yeniden-Yap\u0131land\u0131raca\u011f\u0131z-3-300x160.jpg 300w, https:\/\/archive.sana.sy\/tr\/wp-content\/uploads\/2015\/04\/Emek-ve-Sevgiyle-Yeniden-Yap\u0131land\u0131raca\u011f\u0131z-3-150x80.jpg 150w, https:\/\/archive.sana.sy\/tr\/wp-content\/uploads\/2015\/04\/Emek-ve-Sevgiyle-Yeniden-Yap\u0131land\u0131raca\u011f\u0131z-3.jpg 620w\" sizes=\"auto, (max-width: 300px) 100vw, 300px\" \/><\/a>Arnus bakanl\u0131k ile ilgili sendikalar aras\u0131nda kendi sekt\u00f6rlerine ili\u015fkin kararlar\u0131n al\u0131nmas\u0131 ve kanunlar\u0131n geli\u015ftirilmesi amac\u0131yla s\u00fcrekli bir koordinasyon ve ortak \u00e7al\u0131\u015fmalar\u0131n bulundu\u011funa dikkat \u00e7ekti. Kriz \u00f6ncesinde imzalanan taahh\u00fct s\u00f6zle\u015fmelerinde fiyat art\u0131\u015flar\u0131ndan dolay\u0131 meydana gelen aksakl\u0131klar\u0131 gidermek ve tazminatlar\u0131 \u00f6demenin h\u00fck\u00fcmet a\u00e7\u0131s\u0131ndan zor oldu\u011funa dikkat \u00e7eken Arnus; fakat bu ba\u011flamda m\u00fcteahhitlerin haklar\u0131n\u0131 koruyacak yeni karar ve kanunlar\u0131n haz\u0131rlanaca\u011f\u0131n\u0131 s\u00f6yledi.<\/p>\n<p>\u0130skan ve Mimari Kalk\u0131nma Bakan\u0131 Muhammed Velid Gazel ise konu\u015fmas\u0131nda M\u00fcteahhitler Sendikas\u0131 \u00fczerindeki y\u00fcklere \u0131\u015f\u0131k tutarken; m\u00fchendislik \u00fcr\u00fcnlerinin geli\u015ftirilmesi amac\u0131yla bakanl\u0131k ve m\u00fchendisler sendikas\u0131 ile i\u015fbirli\u011fini peki\u015ftirmeye davet etti.<\/p>\n<p>\u0130n\u015faat M\u00fcteahhitleri Sendikas\u0131 Ba\u015fkan\u0131 Muhammed Ramazan ise sendika ve m\u00fcteahhitlerin \u00e7al\u0131\u015fmalar\u0131 ve kar\u015f\u0131la\u015ft\u0131klar\u0131 zorluklara \u0131\u015f\u0131k tutan bir sunum takdim etti.<\/p>\n<p>A.A.<\/p>\n","protected":false},"excerpt":{"rendered":"<p>\u015eAM \u2013 \u0130n\u015faat M\u00fchendisleri Sendikas\u0131 bug\u00fcn \u015eam\u2019da Suriye&#8217;yi Emek ve Sevgiyle Yeniden Yap\u0131land\u0131raca\u011f\u0131z slogan\u0131 alt\u0131nda 30. y\u0131ll\u0131k kongresini d\u00fczenledi. \u00c7al\u0131\u015fmalar\u0131nda kar\u015f\u0131la\u015ft\u0131klar\u0131 zorluklar ve bu zorluklar\u0131 ilgili bakanl\u0131k ve kurumlarla i\u015fbirli\u011fi i\u00e7inde a\u015fma yollar\u0131n\u0131n tart\u0131\u015f\u0131ld\u0131\u011f\u0131 oturumlarda in\u015faat m\u00fcteahhitleri; \u00f6zellikle ya\u015fanan ko\u015fullar ve in\u015faat malzemelerindeki fiyat art\u0131\u015flar\u0131 nedeniyle ask\u0131da kalan projeleri etkinle\u015ftirme \u00fczerine odakland\u0131lar. Oturumlarda konu\u015fan Bay\u0131nd\u0131rl\u0131k &hellip;<\/p>\n","protected":false},"author":1,"featured_media":28672,"comment_status":"closed","ping_status":"closed","sticky":false,"template":"","format":"standard","meta":{"footnotes":""},"categories":[485,486,479,478],"tags":[13282,13283],"class_list":["post-28671","post","type-post","status-publish","format-standard","has-post-thumbnail","","category-is-ve-sermaye","category-haberler-is-ve-sermaye","category-haberler-yerel","category-yerel","tag-emek-ve-sevgiyle-yeniden-yapilandiracagiz","tag-sam-insaat-muhendisleri-sendikasi-bugun-samda-suriyeyi-emek-ve-sevgiyle-yeniden-yapilandiracagiz-slogani-altinda-30-yillik-kongresini-duzenledi"],"_links":{"self":[{"href":"https:\/\/archive.sana.sy\/tr\/index.php?rest_route=\/wp\/v2\/posts\/28671","targetHints":{"allow":["GET"]}}],"collection":[{"href":"https:\/\/archive.sana.sy\/tr\/index.php?rest_route=\/wp\/v2\/posts"}],"about":[{"href":"https:\/\/archive.sana.sy\/tr\/index.php?rest_route=\/wp\/v2\/types\/post"}],"author":[{"embeddable":true,"href":"https:\/\/archive.sana.sy\/tr\/index.php?rest_route=\/wp\/v2\/users\/1"}],"replies":[{"embeddable":true,"href":"https:\/\/archive.sana.sy\/tr\/index.php?rest_route=%2Fwp%2Fv2%2Fcomments&post=28671"}],"version-history":[{"count":0,"href":"https:\/\/archive.sana.sy\/tr\/index.php?rest_route=\/wp\/v2\/posts\/28671\/revisions"}],"wp:featuredmedia":[{"embeddable":true,"href":"https:\/\/archive.sana.sy\/tr\/index.php?rest_route=\/wp\/v2\/media\/28672"}],"wp:attachment":[{"href":"https:\/\/archive.sana.sy\/tr\/index.php?rest_route=%2Fwp%2Fv2%2Fmedia&parent=28671"}],"wp:term":[{"taxonomy":"category","embeddable":true,"href":"https:\/\/archive.sana.sy\/tr\/index.php?rest_route=%2Fwp%2Fv2%2Fcategories&post=28671"},{"taxonomy":"post_tag","embeddable":true,"href":"https:\/\/archive.sana.sy\/tr\/index.php?rest_route=%2Fwp%2Fv2%2Ftags&post=28671"}],"curies":[{"name":"wp","href":"https:\/\/api.w.org\/{rel}","templated":true}]}}