{"id":286724,"date":"2023-08-21T09:17:03","date_gmt":"2023-08-21T06:17:03","guid":{"rendered":"http:\/\/sana.sy\/tr\/?p=286724"},"modified":"2023-08-22T08:04:56","modified_gmt":"2023-08-22T05:04:56","slug":"sanayi-bakani-cinli-bir-sirket-heyetiyle-sanayi-sektorundeki-yatirim-firsatlarini-gorustu","status":"publish","type":"post","link":"https:\/\/archive.sana.sy\/tr\/?p=286724","title":{"rendered":"Sanayi Bakan\u0131 \u00c7inli Bir \u015eirket Heyetiyle Sanayi Sekt\u00f6r\u00fcndeki Yat\u0131r\u0131m F\u0131rsatlar\u0131n\u0131 G\u00f6r\u00fc\u015ft\u00fc"},"content":{"rendered":"<p style=\"text-align: justify;\"><strong>\u015eAM 21 A\u011fustos (SANA)<\/strong> \u2013 Sanayi Bakan\u0131 Abdulkader Cuhadar, \u00c7in h\u00fck\u00fcmetinin kentsel yat\u0131r\u0131m konusunda uzmanla\u015fm\u0131\u015f \u201cShanxi CIG Uluslararas\u0131 \u0130n\u015faat Grubu\u201d heyetiyle Suriye sanayi sekt\u00f6r\u00fcndeki yat\u0131r\u0131m alanlar\u0131n\u0131, y\u0131k\u0131lan tesislerin rehabilitasyonunu ve mevcut \u015firketlerin \u00fcretim kapasitelerinin geli\u015ftirilmesini g\u00f6r\u00fc\u015ft\u00fc.<\/p>\n<p style=\"text-align: justify;\">Bakan Cuhadar, bakanl\u0131\u011f\u0131n \u00c7inli \u015firketle i\u015fbirli\u011fine haz\u0131r oldu\u011funu ifade ederek, Suriye&#8217;deki end\u00fcstriyel tesislerin bir\u00e7o\u011funun \u00c7in Halk Cumhuriyeti&#8217;nde \u00fcretilen y\u00fcksek kaliteli ekipmanlara sahip oldu\u011funu a\u00e7\u0131klad\u0131.<\/p>\n<p style=\"text-align: justify;\"><img loading=\"lazy\" decoding=\"async\" class=\"size-medium wp-image-286726 alignright\" src=\"http:\/\/sana.sy\/tr\/wp-content\/uploads\/2023\/08\/333333-1-300x168.jpg\" alt=\"\" width=\"300\" height=\"168\" srcset=\"https:\/\/archive.sana.sy\/tr\/wp-content\/uploads\/2023\/08\/333333-1-300x168.jpg 300w, https:\/\/archive.sana.sy\/tr\/wp-content\/uploads\/2023\/08\/333333-1.jpg 660w\" sizes=\"auto, (max-width: 300px) 100vw, 300px\" \/>Kendi y\u00f6n\u00fcnden Heyet \u00fcyeleri ise, \u00f6zellikle Suriye&#8217;de yeniden yap\u0131lanma a\u015famas\u0131nda ekonomik i\u015fbirli\u011finin \u00f6nemini, vizyon ve fikirleri hayata ge\u00e7irmenin ve bu projeleri hayata ge\u00e7irmenin yollar\u0131n\u0131 bulman\u0131n \u00f6nemini vurgulad\u0131lar.<\/p>\n<p style=\"text-align: justify;\">G\u00f6r\u00fc\u015fmede ayr\u0131ca, ba\u015fta \u00e7imento ve cam sekt\u00f6r\u00fc olmak \u00fczere bir\u00e7ok hayati sekt\u00f6rde y\u0131k\u0131lan tesislerin rehabilitasyonu ele al\u0131nd\u0131.<\/p>\n<p style=\"text-align: justify;\">\u0130ki taraf, \u00c7in delegasyonunun yak\u0131nda \u00e7imento ve cam fabrikalar\u0131n\u0131n \u015fantiyelerine yapaca\u011f\u0131 saha ziyaretleri yoluyla \u015firketlerin ger\u00e7ekli\u011fini incelemek ve sorunlar\u0131 tart\u0131\u015fmak ve bu tesislerin yeniden canlanmas\u0131na katk\u0131da bulunacak olumlu ve pratik sonu\u00e7lara ula\u015fmak i\u00e7in koordinasyonu s\u00fcrd\u00fcrme konusunda mutab\u0131k kald\u0131.<\/p>\n<p style=\"text-align: justify;\"><a href=\"https:\/\/t.me\/SuriyeArapHaberAjansI\">Telegram Kanal\u0131m\u0131z\u00a0<\/a><\/p>\n<p style=\"text-align: justify;\"><a href=\"https:\/\/www.facebook.com\/SANAHaberAjansi\/\">Facebook Sayfam\u0131z<\/a><\/p>\n<p style=\"text-align: justify;\"><a href=\"https:\/\/twitter.com\/arap_ajans\">Twitter Hesab\u0131m\u0131z<\/a><\/p>\n<div id='gallery-1' class='gallery galleryid-286724 gallery-columns-1 gallery-size-full'><figure class='gallery-item'>\n\t\t\t<div class='gallery-icon landscape'>\n\t\t\t\t<a href='https:\/\/archive.sana.sy\/tr\/wp-content\/uploads\/2023\/08\/11111-1.jpg'><img loading=\"lazy\" decoding=\"async\" width=\"660\" height=\"370\" src=\"https:\/\/archive.sana.sy\/tr\/wp-content\/uploads\/2023\/08\/11111-1.jpg\" class=\"attachment-full size-full\" alt=\"\" srcset=\"https:\/\/archive.sana.sy\/tr\/wp-content\/uploads\/2023\/08\/11111-1.jpg 660w, https:\/\/archive.sana.sy\/tr\/wp-content\/uploads\/2023\/08\/11111-1-300x168.jpg 300w\" sizes=\"auto, (max-width: 660px) 100vw, 660px\" \/><\/a>\n\t\t\t<\/div><\/figure>\n\t\t<\/div>\n\n<p style=\"text-align: justify;\">\n","protected":false},"excerpt":{"rendered":"<p>\u015eAM 21 A\u011fustos (SANA) \u2013 Sanayi Bakan\u0131 Abdulkader Cuhadar, \u00c7in h\u00fck\u00fcmetinin kentsel yat\u0131r\u0131m konusunda uzmanla\u015fm\u0131\u015f \u201cShanxi CIG Uluslararas\u0131 \u0130n\u015faat Grubu\u201d heyetiyle Suriye sanayi sekt\u00f6r\u00fcndeki yat\u0131r\u0131m alanlar\u0131n\u0131, y\u0131k\u0131lan tesislerin rehabilitasyonunu ve mevcut \u015firketlerin \u00fcretim kapasitelerinin geli\u015ftirilmesini g\u00f6r\u00fc\u015ft\u00fc. Bakan Cuhadar, bakanl\u0131\u011f\u0131n \u00c7inli \u015firketle i\u015fbirli\u011fine haz\u0131r oldu\u011funu ifade ederek, Suriye&#8217;deki end\u00fcstriyel tesislerin bir\u00e7o\u011funun \u00c7in Halk Cumhuriyeti&#8217;nde \u00fcretilen y\u00fcksek &hellip;<\/p>\n","protected":false},"author":39,"featured_media":286725,"comment_status":"closed","ping_status":"closed","sticky":false,"template":"","format":"standard","meta":{"footnotes":""},"categories":[485,486,479,17988,478],"tags":[39374,24260,38641,24532,22182,18733],"class_list":["post-286724","post","type-post","status-publish","format-standard","has-post-thumbnail","","category-is-ve-sermaye","category-haberler-is-ve-sermaye","category-haberler-yerel","category-son-haberler","category-yerel","tag-sanayi-bakani-cinli-bir-sirket-heyetiyle-sanayi-sektorundeki-yatirim-firsatlarini-gorustu","tag-sanayi-sektoru","tag-suriyede-son-gelimeler","tag-suriyede-ekonomi-durumu","tag-suriyede-savas","tag-yatirim"],"_links":{"self":[{"href":"https:\/\/archive.sana.sy\/tr\/index.php?rest_route=\/wp\/v2\/posts\/286724","targetHints":{"allow":["GET"]}}],"collection":[{"href":"https:\/\/archive.sana.sy\/tr\/index.php?rest_route=\/wp\/v2\/posts"}],"about":[{"href":"https:\/\/archive.sana.sy\/tr\/index.php?rest_route=\/wp\/v2\/types\/post"}],"author":[{"embeddable":true,"href":"https:\/\/archive.sana.sy\/tr\/index.php?rest_route=\/wp\/v2\/users\/39"}],"replies":[{"embeddable":true,"href":"https:\/\/archive.sana.sy\/tr\/index.php?rest_route=%2Fwp%2Fv2%2Fcomments&post=286724"}],"version-history":[{"count":2,"href":"https:\/\/archive.sana.sy\/tr\/index.php?rest_route=\/wp\/v2\/posts\/286724\/revisions"}],"predecessor-version":[{"id":286754,"href":"https:\/\/archive.sana.sy\/tr\/index.php?rest_route=\/wp\/v2\/posts\/286724\/revisions\/286754"}],"wp:featuredmedia":[{"embeddable":true,"href":"https:\/\/archive.sana.sy\/tr\/index.php?rest_route=\/wp\/v2\/media\/286725"}],"wp:attachment":[{"href":"https:\/\/archive.sana.sy\/tr\/index.php?rest_route=%2Fwp%2Fv2%2Fmedia&parent=286724"}],"wp:term":[{"taxonomy":"category","embeddable":true,"href":"https:\/\/archive.sana.sy\/tr\/index.php?rest_route=%2Fwp%2Fv2%2Fcategories&post=286724"},{"taxonomy":"post_tag","embeddable":true,"href":"https:\/\/archive.sana.sy\/tr\/index.php?rest_route=%2Fwp%2Fv2%2Ftags&post=286724"}],"curies":[{"name":"wp","href":"https:\/\/api.w.org\/{rel}","templated":true}]}}