{"id":286729,"date":"2023-08-21T09:27:43","date_gmt":"2023-08-21T06:27:43","guid":{"rendered":"http:\/\/sana.sy\/tr\/?p=286729"},"modified":"2023-08-22T08:04:59","modified_gmt":"2023-08-22T05:04:59","slug":"israil-isgali-lubnan-karasularini-ihlalini-yineledi","status":"publish","type":"post","link":"https:\/\/archive.sana.sy\/tr\/?p=286729","title":{"rendered":"\u0130srail \u0130\u015fgali L\u00fcbnan Karasular\u0131n\u0131 \u0130hlalini Yineledi"},"content":{"rendered":"<p style=\"text-align: justify;\"><strong>BEYRUT 21 A\u011fustos (SANA)<\/strong> \u2013\u0130srail i\u015fgal g\u00fc\u00e7leri, L\u00fcbnan karasular\u0131na y\u00f6nelik ihlallerini yineledi.<\/p>\n<p style=\"text-align: justify;\">L\u00fcbnan Ordu Komutanl\u0131\u011f\u0131 bug\u00fcn yapt\u0131\u011f\u0131 a\u00e7\u0131klamada, &#8220;\u0130srail d\u00fc\u015fman\u0131na ait iki sava\u015f gemisi, L\u00fcbnan karasular\u0131n\u0131 Ras Naqura a\u00e7\u0131klar\u0131nda yakla\u015f\u0131k 370 metrelik bir mesafe boyunca ihlal etti&#8221; dedi.<\/p>\n<p style=\"text-align: justify;\">Ordu Komutanl\u0131\u011f\u0131 ayr\u0131ca, ihlal konusunun, L\u00fcbnan&#8217;daki Birle\u015fmi\u015f Milletler Ge\u00e7ici G\u00fcc\u00fc ile koordinasyon halinde takip edildi\u011fi belirtildi.<\/p>\n<p style=\"text-align: justify;\"><a href=\"https:\/\/t.me\/SuriyeArapHaberAjansI\">Telegram Kanal\u0131m\u0131z\u00a0<\/a><\/p>\n<p style=\"text-align: justify;\"><a href=\"https:\/\/www.facebook.com\/SANAHaberAjansi\/\">Facebook Sayfam\u0131z<\/a><\/p>\n<p style=\"text-align: justify;\"><a href=\"https:\/\/twitter.com\/arap_ajans\">Twitter Hesab\u0131m\u0131z<\/a><\/p>\n","protected":false},"excerpt":{"rendered":"<p>BEYRUT 21 A\u011fustos (SANA) \u2013\u0130srail i\u015fgal g\u00fc\u00e7leri, L\u00fcbnan karasular\u0131na y\u00f6nelik ihlallerini yineledi. L\u00fcbnan Ordu Komutanl\u0131\u011f\u0131 bug\u00fcn yapt\u0131\u011f\u0131 a\u00e7\u0131klamada, &#8220;\u0130srail d\u00fc\u015fman\u0131na ait iki sava\u015f gemisi, L\u00fcbnan karasular\u0131n\u0131 Ras Naqura a\u00e7\u0131klar\u0131nda yakla\u015f\u0131k 370 metrelik bir mesafe boyunca ihlal etti&#8221; dedi. Ordu Komutanl\u0131\u011f\u0131 ayr\u0131ca, ihlal konusunun, L\u00fcbnan&#8217;daki Birle\u015fmi\u015f Milletler Ge\u00e7ici G\u00fcc\u00fc ile koordinasyon halinde takip edildi\u011fi belirtildi. Telegram &hellip;<\/p>\n","protected":false},"author":39,"featured_media":286730,"comment_status":"closed","ping_status":"closed","sticky":false,"template":"","format":"standard","meta":{"footnotes":""},"categories":[458,459,17988],"tags":[39375,39376,39377],"class_list":["post-286729","post","type-post","status-publish","format-standard","has-post-thumbnail","","category-dunya1","category-haberler-arap-uluslararasi-politika","category-son-haberler","tag-lubnan-ordu-komutanligi","tag-lubnan-ve-israil-arasindaki-savas","tag-lubnandaki-birlesmis-milletler-gecici-gucu"],"_links":{"self":[{"href":"https:\/\/archive.sana.sy\/tr\/index.php?rest_route=\/wp\/v2\/posts\/286729","targetHints":{"allow":["GET"]}}],"collection":[{"href":"https:\/\/archive.sana.sy\/tr\/index.php?rest_route=\/wp\/v2\/posts"}],"about":[{"href":"https:\/\/archive.sana.sy\/tr\/index.php?rest_route=\/wp\/v2\/types\/post"}],"author":[{"embeddable":true,"href":"https:\/\/archive.sana.sy\/tr\/index.php?rest_route=\/wp\/v2\/users\/39"}],"replies":[{"embeddable":true,"href":"https:\/\/archive.sana.sy\/tr\/index.php?rest_route=%2Fwp%2Fv2%2Fcomments&post=286729"}],"version-history":[{"count":3,"href":"https:\/\/archive.sana.sy\/tr\/index.php?rest_route=\/wp\/v2\/posts\/286729\/revisions"}],"predecessor-version":[{"id":286755,"href":"https:\/\/archive.sana.sy\/tr\/index.php?rest_route=\/wp\/v2\/posts\/286729\/revisions\/286755"}],"wp:featuredmedia":[{"embeddable":true,"href":"https:\/\/archive.sana.sy\/tr\/index.php?rest_route=\/wp\/v2\/media\/286730"}],"wp:attachment":[{"href":"https:\/\/archive.sana.sy\/tr\/index.php?rest_route=%2Fwp%2Fv2%2Fmedia&parent=286729"}],"wp:term":[{"taxonomy":"category","embeddable":true,"href":"https:\/\/archive.sana.sy\/tr\/index.php?rest_route=%2Fwp%2Fv2%2Fcategories&post=286729"},{"taxonomy":"post_tag","embeddable":true,"href":"https:\/\/archive.sana.sy\/tr\/index.php?rest_route=%2Fwp%2Fv2%2Ftags&post=286729"}],"curies":[{"name":"wp","href":"https:\/\/api.w.org\/{rel}","templated":true}]}}