{"id":286736,"date":"2023-08-21T09:52:12","date_gmt":"2023-08-21T06:52:12","guid":{"rendered":"http:\/\/sana.sy\/tr\/?p=286736"},"modified":"2023-08-22T08:05:06","modified_gmt":"2023-08-22T05:05:06","slug":"rus-ordusu-ukraynanin-merkezinde-bir-batili-silah-konvoyunu-imha-etti","status":"publish","type":"post","link":"https:\/\/archive.sana.sy\/tr\/?p=286736","title":{"rendered":"Rus Ordusu, Ukrayna&#8217;n\u0131n Merkezinde Bir Bat\u0131l\u0131 Silah Konvoyunu \u0130mha Etti"},"content":{"rendered":"<p style=\"text-align: justify;\"><strong>MOSKOVA 21 A\u011fustos (SANA) &#8211; <\/strong>Rus ordusu, hava kuvvetlerinin Ukrayna&#8217;n\u0131n merkezindeki Dnepropetrovsk eyaletindeki Mezhevaya istasyonunda Bat\u0131 silahlar\u0131 y\u00fckl\u00fc bir treni hedef alan hassas bir f\u00fcze sald\u0131r\u0131s\u0131 d\u00fczenledi\u011fini duyurdu.<\/p>\n<p style=\"text-align: justify;\">NOVOST\u0130 Ajans\u0131&#8217;na g\u00f6re Rus kuvvetleri bas\u0131n merkezi ba\u015fkan\u0131 Vadim Astafiev yapt\u0131\u011f\u0131 a\u00e7\u0131klamada, &#8220;f\u00fcze sald\u0131r\u0131s\u0131, m\u00fchimmat y\u00fckl\u00fc \u00fc\u00e7 lokomotifi ve di\u011fer 10 y\u00fck arac\u0131n\u0131 imha etti\u011fini ve sevkiyata e\u015flik eden \u00e7ok say\u0131da Kiev askeri personelini ortadan kald\u0131rd\u0131\u011f\u0131n\u0131&#8221; dedi.<\/p>\n<p style=\"text-align: justify;\">Astafiev, Rus kuvvetlerinin Donetsk&#8217;in Novodmitrovka b\u00f6lgesinde Kiev kuvvetlerinin m\u00fcstahkem bir komuta toplant\u0131s\u0131n\u0131 Tornado f\u00fcze rampalar\u0131 ile bombalad\u0131\u011f\u0131na i\u015faret etti.<\/p>\n<p style=\"text-align: justify;\"><a href=\"https:\/\/t.me\/SuriyeArapHaberAjansI\">Telegram Kanal\u0131m\u0131z\u00a0<\/a><\/p>\n<p style=\"text-align: justify;\"><a href=\"https:\/\/www.facebook.com\/SANAHaberAjansi\/\">Facebook Sayfam\u0131z<\/a><\/p>\n<p style=\"text-align: justify;\"><a href=\"https:\/\/twitter.com\/arap_ajans\">Twitter Hesab\u0131m\u0131z<\/a><\/p>\n","protected":false},"excerpt":{"rendered":"<p>MOSKOVA 21 A\u011fustos (SANA) &#8211; Rus ordusu, hava kuvvetlerinin Ukrayna&#8217;n\u0131n merkezindeki Dnepropetrovsk eyaletindeki Mezhevaya istasyonunda Bat\u0131 silahlar\u0131 y\u00fckl\u00fc bir treni hedef alan hassas bir f\u00fcze sald\u0131r\u0131s\u0131 d\u00fczenledi\u011fini duyurdu. NOVOST\u0130 Ajans\u0131&#8217;na g\u00f6re Rus kuvvetleri bas\u0131n merkezi ba\u015fkan\u0131 Vadim Astafiev yapt\u0131\u011f\u0131 a\u00e7\u0131klamada, &#8220;f\u00fcze sald\u0131r\u0131s\u0131, m\u00fchimmat y\u00fckl\u00fc \u00fc\u00e7 lokomotifi ve di\u011fer 10 y\u00fck arac\u0131n\u0131 imha etti\u011fini ve sevkiyata &hellip;<\/p>\n","protected":false},"author":39,"featured_media":286737,"comment_status":"closed","ping_status":"closed","sticky":false,"template":"","format":"standard","meta":{"footnotes":""},"categories":[458,459,17988],"tags":[38415,38262,38628,39379,39378],"class_list":["post-286736","post","type-post","status-publish","format-standard","has-post-thumbnail","","category-dunya1","category-haberler-arap-uluslararasi-politika","category-son-haberler","tag-rus-kuvvetleri","tag-rus-ordusu","tag-ukraynada-savas","tag-ukraynada-son-gelimeler","tag-ukraynanin-merkezinde-bir-batili-silah-konvoyunu-imha-etti"],"_links":{"self":[{"href":"https:\/\/archive.sana.sy\/tr\/index.php?rest_route=\/wp\/v2\/posts\/286736","targetHints":{"allow":["GET"]}}],"collection":[{"href":"https:\/\/archive.sana.sy\/tr\/index.php?rest_route=\/wp\/v2\/posts"}],"about":[{"href":"https:\/\/archive.sana.sy\/tr\/index.php?rest_route=\/wp\/v2\/types\/post"}],"author":[{"embeddable":true,"href":"https:\/\/archive.sana.sy\/tr\/index.php?rest_route=\/wp\/v2\/users\/39"}],"replies":[{"embeddable":true,"href":"https:\/\/archive.sana.sy\/tr\/index.php?rest_route=%2Fwp%2Fv2%2Fcomments&post=286736"}],"version-history":[{"count":3,"href":"https:\/\/archive.sana.sy\/tr\/index.php?rest_route=\/wp\/v2\/posts\/286736\/revisions"}],"predecessor-version":[{"id":286757,"href":"https:\/\/archive.sana.sy\/tr\/index.php?rest_route=\/wp\/v2\/posts\/286736\/revisions\/286757"}],"wp:featuredmedia":[{"embeddable":true,"href":"https:\/\/archive.sana.sy\/tr\/index.php?rest_route=\/wp\/v2\/media\/286737"}],"wp:attachment":[{"href":"https:\/\/archive.sana.sy\/tr\/index.php?rest_route=%2Fwp%2Fv2%2Fmedia&parent=286736"}],"wp:term":[{"taxonomy":"category","embeddable":true,"href":"https:\/\/archive.sana.sy\/tr\/index.php?rest_route=%2Fwp%2Fv2%2Fcategories&post=286736"},{"taxonomy":"post_tag","embeddable":true,"href":"https:\/\/archive.sana.sy\/tr\/index.php?rest_route=%2Fwp%2Fv2%2Ftags&post=286736"}],"curies":[{"name":"wp","href":"https:\/\/api.w.org\/{rel}","templated":true}]}}