{"id":286785,"date":"2023-08-21T15:32:50","date_gmt":"2023-08-21T12:32:50","guid":{"rendered":"http:\/\/sana.sy\/tr\/?p=286785"},"modified":"2023-08-24T08:07:20","modified_gmt":"2023-08-24T05:07:20","slug":"rus-savunmasi-bir-savas-ucagi-dusuruldu-ve-500-ukraynali-militan-olduruldu","status":"publish","type":"post","link":"https:\/\/archive.sana.sy\/tr\/?p=286785","title":{"rendered":"Rusya Savunma Bakanl\u0131\u011f\u0131: Bir Ukrayna Sava\u015f U\u00e7a\u011f\u0131 D\u00fc\u015f\u00fcr\u00fcld\u00fc Ve 500 Ukraynal\u0131 Militan \u00d6ld\u00fcr\u00fcld\u00fc"},"content":{"rendered":"<p><strong>MOSKOVA 21 A\u011fustos (SANA)<\/strong> &#8211; Rusya Savunma Bakanl\u0131\u011f\u0131, g\u00fc\u00e7lerinin son 24 saatte Kiev rejim g\u00fc\u00e7lerinin \u00e7ok say\u0131daki t\u00fcm sald\u0131r\u0131lar\u0131n\u0131 p\u00fcsk\u00fcrtmeyi ba\u015fard\u0131\u011f\u0131n\u0131, \u00e7at\u0131\u015fmalarda 500&#8217;den fazla Ukrayna askerinin \u00f6ld\u00fcr\u00fcld\u00fc\u011f\u00fcn\u00fc a\u00e7\u0131klad\u0131.<\/p>\n<p>Bakanl\u0131\u011f\u0131n Donbass&#8217;\u0131 korumaya y\u00f6nelik \u00f6zel askeri operasyonun ilerlemesine ili\u015fkin g\u00fcnl\u00fck raporunda \u015funlar belirtildi:<\/p>\n<p><strong><span style=\"color: #0000ff;\">Kobyansk Ekseninde:<\/span> <\/strong><\/p>\n<p>Rus kuvvetleri, Kiev kuvvetlerinin sald\u0131r\u0131lar\u0131n\u0131 p\u00fcsk\u00fcrterek mevzilerini sa\u011flamla\u015ft\u0131r\u0131rken, Ukrayna kuvvetlerinin buradaki kay\u0131plar\u0131 160 asker oldu.<\/p>\n<p><strong><span style=\"color: #0000ff;\"><img loading=\"lazy\" decoding=\"async\" class=\"size-full wp-image-286797 alignright\" src=\"http:\/\/sana.sy\/tr\/wp-content\/uploads\/2023\/08\/\u0627\u0644\u0639\u0645\u0644\u064a\u0629-\u0627\u0644\u0631\u0648\u0633\u064a\u0629-\u0641\u064a-\u0623\u0648\u0643\u0631\u0627\u0646\u064a\u0627-7-300x169-1.jpg\" alt=\"\" width=\"300\" height=\"169\" \/>Luhansk Y\u00f6n\u00fcnde:<\/span> <\/strong><\/p>\n<p>Rus ordusu, Chervonnaya Dibrova b\u00f6lgesinde iki sald\u0131r\u0131y\u0131 p\u00fcsk\u00fcrtt\u00fc.<\/p>\n<p><strong><span style=\"color: #0000ff;\">Krasno Liman\u0131 Y\u00f6n\u00fcnde:<\/span> <\/strong><\/p>\n<p>Rus kuvvetleri yakla\u015f\u0131k 75 Ukrayna askerini \u00f6ld\u00fcrd\u00fc.<\/p>\n<p><span style=\"color: #0000ff;\"><strong>Donetsk <\/strong><\/span><strong><span style=\"color: #0000ff;\">\u0130stikametinde:<\/span> <\/strong><\/p>\n<p>Ukrayna kuvvetlerinin kay\u0131plar\u0131 225 asker, d\u00fczinelerce kunda\u011f\u0131 motorlu silah ve askeri te\u00e7hizat olarak ger\u00e7ekle\u015fti.<\/p>\n<p><strong><span style=\"color: #0000ff;\">Zaporozhye Y\u00f6n\u00fcnde:<\/span> <\/strong><\/p>\n<p>Rus kuvvetleri, Ukrayna kuvvetlerinin 5 sald\u0131r\u0131s\u0131n\u0131 p\u00fcsk\u00fcrtt\u00fc, bir m\u00fchimmat deposunu imha etti ve 80&#8217;den fazla asker \u00f6ld\u00fcr\u00fcld\u00fc.<\/p>\n<p>Rus hava savunmas\u0131, Donetsk Halk Cumhuriyeti&#8217;nde bir HIMARSn\u0131 d\u00fc\u015f\u00fcrmeyi ba\u015fard\u0131.<\/p>\n<p>Luhansk, Donetsk ve Herson&#8217;da 36 y\u00fcr\u00fcy\u00fc\u015f\u00fc d\u00fc\u015f\u00fcrmenin yan\u0131 s\u0131ra \u00fc\u00e7 HIMARS ve Uragan f\u00fczesi durduruldu.<\/p>\n<p><a href=\"https:\/\/t.me\/SuriyeArapHaberAjansI\">Telegram Kanal\u0131m\u0131z\u00a0<\/a><\/p>\n<p><a href=\"https:\/\/www.facebook.com\/SANAHaberAjansi\/\">Facebook Sayfam\u0131z<\/a><\/p>\n<p><a href=\"https:\/\/twitter.com\/arap_ajans\">Twitter Hesab\u0131m\u0131z<\/a><\/p>\n","protected":false},"excerpt":{"rendered":"<p>MOSKOVA 21 A\u011fustos (SANA) &#8211; Rusya Savunma Bakanl\u0131\u011f\u0131, g\u00fc\u00e7lerinin son 24 saatte Kiev rejim g\u00fc\u00e7lerinin \u00e7ok say\u0131daki t\u00fcm sald\u0131r\u0131lar\u0131n\u0131 p\u00fcsk\u00fcrtmeyi ba\u015fard\u0131\u011f\u0131n\u0131, \u00e7at\u0131\u015fmalarda 500&#8217;den fazla Ukrayna askerinin \u00f6ld\u00fcr\u00fcld\u00fc\u011f\u00fcn\u00fc a\u00e7\u0131klad\u0131. Bakanl\u0131\u011f\u0131n Donbass&#8217;\u0131 korumaya y\u00f6nelik \u00f6zel askeri operasyonun ilerlemesine ili\u015fkin g\u00fcnl\u00fck raporunda \u015funlar belirtildi: Kobyansk Ekseninde: Rus kuvvetleri, Kiev kuvvetlerinin sald\u0131r\u0131lar\u0131n\u0131 p\u00fcsk\u00fcrterek mevzilerini sa\u011flamla\u015ft\u0131r\u0131rken, Ukrayna kuvvetlerinin buradaki kay\u0131plar\u0131 &hellip;<\/p>\n","protected":false},"author":41,"featured_media":286788,"comment_status":"closed","ping_status":"closed","sticky":false,"template":"","format":"standard","meta":{"footnotes":""},"categories":[458,459,17988],"tags":[39402,39405,39406,39403,39401,38418,39404,38628],"class_list":["post-286785","post","type-post","status-publish","format-standard","has-post-thumbnail","","category-dunya1","category-haberler-arap-uluslararasi-politika","category-son-haberler","tag-donetsk-istikametinde","tag-donetsk-ve-herson","tag-himars","tag-krasno-limani-yonunde","tag-rus-savunmasi-bir-savas-ucagi-dusuruldu-ve-500-ukraynali-militan-olduruldu","tag-rusya-ve-ukrayna-savasi","tag-uhansk","tag-ukraynada-savas"],"_links":{"self":[{"href":"https:\/\/archive.sana.sy\/tr\/index.php?rest_route=\/wp\/v2\/posts\/286785","targetHints":{"allow":["GET"]}}],"collection":[{"href":"https:\/\/archive.sana.sy\/tr\/index.php?rest_route=\/wp\/v2\/posts"}],"about":[{"href":"https:\/\/archive.sana.sy\/tr\/index.php?rest_route=\/wp\/v2\/types\/post"}],"author":[{"embeddable":true,"href":"https:\/\/archive.sana.sy\/tr\/index.php?rest_route=\/wp\/v2\/users\/41"}],"replies":[{"embeddable":true,"href":"https:\/\/archive.sana.sy\/tr\/index.php?rest_route=%2Fwp%2Fv2%2Fcomments&post=286785"}],"version-history":[{"count":5,"href":"https:\/\/archive.sana.sy\/tr\/index.php?rest_route=\/wp\/v2\/posts\/286785\/revisions"}],"predecessor-version":[{"id":286798,"href":"https:\/\/archive.sana.sy\/tr\/index.php?rest_route=\/wp\/v2\/posts\/286785\/revisions\/286798"}],"wp:featuredmedia":[{"embeddable":true,"href":"https:\/\/archive.sana.sy\/tr\/index.php?rest_route=\/wp\/v2\/media\/286788"}],"wp:attachment":[{"href":"https:\/\/archive.sana.sy\/tr\/index.php?rest_route=%2Fwp%2Fv2%2Fmedia&parent=286785"}],"wp:term":[{"taxonomy":"category","embeddable":true,"href":"https:\/\/archive.sana.sy\/tr\/index.php?rest_route=%2Fwp%2Fv2%2Fcategories&post=286785"},{"taxonomy":"post_tag","embeddable":true,"href":"https:\/\/archive.sana.sy\/tr\/index.php?rest_route=%2Fwp%2Fv2%2Ftags&post=286785"}],"curies":[{"name":"wp","href":"https:\/\/api.w.org\/{rel}","templated":true}]}}