{"id":286810,"date":"2023-08-22T15:15:27","date_gmt":"2023-08-22T12:15:27","guid":{"rendered":"http:\/\/sana.sy\/tr\/?p=286810"},"modified":"2023-08-24T08:08:03","modified_gmt":"2023-08-24T05:08:03","slug":"suriye-olimpiyat-futbol-takimi-asya-kupasi-elemelerine-katilmaya-hazirlaniyor","status":"publish","type":"post","link":"https:\/\/archive.sana.sy\/tr\/?p=286810","title":{"rendered":"Suriye Olimpiyat Futbol Tak\u0131m\u0131 Asya Kupas\u0131 Elemelerine Kat\u0131lmaya Haz\u0131rlan\u0131yor"},"content":{"rendered":"<p style=\"text-align: justify;\"><strong>\u015eAM 22 A\u011fustos (SANA)<\/strong> &#8211; Suriye Olimpiyat futbol tak\u0131m\u0131, \u00f6n\u00fcm\u00fczdeki ay\u0131n 4&#8217;\u00fcnden 12&#8217;sine kadar \u00dcrd\u00fcn&#8217;de d\u00fczenlenecek olan U-23 Asya Kupas\u0131 elemelerine kat\u0131lmaya haz\u0131rlan\u0131yor.<\/p>\n<p style=\"text-align: justify;\">Milli tak\u0131m i\u00e7in mevcut haz\u0131rl\u0131klar aras\u0131nda Suudi Arabistan&#8217;da bug\u00fcn ba\u015flayan ve \u00f6n\u00fcm\u00fczdeki ay\u0131n \u00fc\u00e7\u00fcne kadar devam edecek bir d\u0131\u015f antrenman kamp\u0131 da yer al\u0131yor.<\/p>\n<p style=\"text-align: justify;\">\u00a0 Bu kamp, \u200b\u200bge\u00e7ti\u011fimiz g\u00fcnlerde \u015eam&#8217;da d\u00fczenlenen bir i\u00e7 e\u011fitim kamp\u0131n\u0131n ard\u0131ndan geldi.<\/p>\n<p><a href=\"https:\/\/t.me\/SuriyeArapHaberAjansI\">Telegram Kanal\u0131m\u0131z\u00a0<\/a><\/p>\n<p><a href=\"https:\/\/www.facebook.com\/SANAHaberAjansi\/\">Facebook Sayfam\u0131z<\/a><\/p>\n<p><a href=\"https:\/\/twitter.com\/arap_ajans\">Twitter Hesab\u0131m\u0131z<\/a><\/p>\n","protected":false},"excerpt":{"rendered":"<p>\u015eAM 22 A\u011fustos (SANA) &#8211; Suriye Olimpiyat futbol tak\u0131m\u0131, \u00f6n\u00fcm\u00fczdeki ay\u0131n 4&#8217;\u00fcnden 12&#8217;sine kadar \u00dcrd\u00fcn&#8217;de d\u00fczenlenecek olan U-23 Asya Kupas\u0131 elemelerine kat\u0131lmaya haz\u0131rlan\u0131yor. Milli tak\u0131m i\u00e7in mevcut haz\u0131rl\u0131klar aras\u0131nda Suudi Arabistan&#8217;da bug\u00fcn ba\u015flayan ve \u00f6n\u00fcm\u00fczdeki ay\u0131n \u00fc\u00e7\u00fcne kadar devam edecek bir d\u0131\u015f antrenman kamp\u0131 da yer al\u0131yor. \u00a0 Bu kamp, \u200b\u200bge\u00e7ti\u011fimiz g\u00fcnlerde \u015eam&#8217;da d\u00fczenlenen bir &hellip;<\/p>\n","protected":false},"author":41,"featured_media":286811,"comment_status":"closed","ping_status":"closed","sticky":false,"template":"","format":"standard","meta":{"footnotes":""},"categories":[498,479,17988,496,478],"tags":[39408],"class_list":["post-286810","post","type-post","status-publish","format-standard","has-post-thumbnail","","category-dunya-turnuvalari","category-haberler-yerel","category-son-haberler","category-spor","category-yerel","tag-suriye-olimpiyat-futbol-takimi"],"_links":{"self":[{"href":"https:\/\/archive.sana.sy\/tr\/index.php?rest_route=\/wp\/v2\/posts\/286810","targetHints":{"allow":["GET"]}}],"collection":[{"href":"https:\/\/archive.sana.sy\/tr\/index.php?rest_route=\/wp\/v2\/posts"}],"about":[{"href":"https:\/\/archive.sana.sy\/tr\/index.php?rest_route=\/wp\/v2\/types\/post"}],"author":[{"embeddable":true,"href":"https:\/\/archive.sana.sy\/tr\/index.php?rest_route=\/wp\/v2\/users\/41"}],"replies":[{"embeddable":true,"href":"https:\/\/archive.sana.sy\/tr\/index.php?rest_route=%2Fwp%2Fv2%2Fcomments&post=286810"}],"version-history":[{"count":2,"href":"https:\/\/archive.sana.sy\/tr\/index.php?rest_route=\/wp\/v2\/posts\/286810\/revisions"}],"predecessor-version":[{"id":286813,"href":"https:\/\/archive.sana.sy\/tr\/index.php?rest_route=\/wp\/v2\/posts\/286810\/revisions\/286813"}],"wp:featuredmedia":[{"embeddable":true,"href":"https:\/\/archive.sana.sy\/tr\/index.php?rest_route=\/wp\/v2\/media\/286811"}],"wp:attachment":[{"href":"https:\/\/archive.sana.sy\/tr\/index.php?rest_route=%2Fwp%2Fv2%2Fmedia&parent=286810"}],"wp:term":[{"taxonomy":"category","embeddable":true,"href":"https:\/\/archive.sana.sy\/tr\/index.php?rest_route=%2Fwp%2Fv2%2Fcategories&post=286810"},{"taxonomy":"post_tag","embeddable":true,"href":"https:\/\/archive.sana.sy\/tr\/index.php?rest_route=%2Fwp%2Fv2%2Ftags&post=286810"}],"curies":[{"name":"wp","href":"https:\/\/api.w.org\/{rel}","templated":true}]}}