{"id":286835,"date":"2023-08-22T14:06:51","date_gmt":"2023-08-22T11:06:51","guid":{"rendered":"http:\/\/sana.sy\/tr\/?p=286835"},"modified":"2023-08-24T08:08:01","modified_gmt":"2023-08-24T05:08:01","slug":"iran-hava-savunma-sistemlerimiz-dusmanin-tum-hareketlerini-izliyor","status":"publish","type":"post","link":"https:\/\/archive.sana.sy\/tr\/?p=286835","title":{"rendered":"\u0130ran: Hava Savunma Sistemlerimiz D\u00fc\u015fman\u0131n T\u00fcm Hareketlerini \u0130zliyor"},"content":{"rendered":"<p style=\"text-align: justify;\"><strong>TAHRAN 22 A\u011fustos (SANA)<\/strong> &#8211; \u0130ran Hava Kuvvetleri Komutan\u0131 Tu\u011fgeneral Ali R\u0131za Sabahi Fard, bug\u00fcn \u0130ran ordusunun radar ve f\u00fcze sistemlerinin d\u00fc\u015fmanlar\u0131n hareketlerini do\u011fru bir \u015fekilde izledi\u011fini a\u00e7\u0131klad\u0131.<\/p>\n<p style=\"text-align: justify;\">IRNA haber ajans\u0131 Sabahi Fard&#8217;\u0131n, \u2018\u2019Her t\u00fcrl\u00fc f\u00fcze ve savunma sistemimiz var. Hedeflerin \u0130ran hava savunma a\u011f\u0131 taraf\u0131ndan tespit edilmeden \u00fclkenin hava s\u0131n\u0131rlar\u0131na yakla\u015fmas\u0131 d\u00fc\u015f\u00fcn\u00fclemez\u2019\u2019 ifadelerini aktard\u0131.<\/p>\n<p style=\"text-align: justify;\">Fard ayr\u0131ca, \u00a0\u0130ran&#8217;\u0131n, u\u00e7an en k\u00fc\u00e7\u00fck yabanc\u0131 cisimleri izleme konusunda her zamankinden daha yetenekli hale gelmesiyle savunma sanayii sekt\u00f6r\u00fcndeki ba\u015far\u0131lar\u0131n\u0131n artt\u0131\u011f\u0131na dikkat \u00e7ekti.<\/p>\n<p><a href=\"https:\/\/t.me\/SuriyeArapHaberAjansI\">Telegram Kanal\u0131m\u0131z\u00a0<\/a><\/p>\n<p><a href=\"https:\/\/www.facebook.com\/SANAHaberAjansi\/\">Facebook Sayfam\u0131z<\/a><\/p>\n<p><a href=\"https:\/\/twitter.com\/arap_ajans\">Twitter Hesab\u0131m\u0131z<\/a><\/p>\n","protected":false},"excerpt":{"rendered":"<p>TAHRAN 22 A\u011fustos (SANA) &#8211; \u0130ran Hava Kuvvetleri Komutan\u0131 Tu\u011fgeneral Ali R\u0131za Sabahi Fard, bug\u00fcn \u0130ran ordusunun radar ve f\u00fcze sistemlerinin d\u00fc\u015fmanlar\u0131n hareketlerini do\u011fru bir \u015fekilde izledi\u011fini a\u00e7\u0131klad\u0131. IRNA haber ajans\u0131 Sabahi Fard&#8217;\u0131n, \u2018\u2019Her t\u00fcrl\u00fc f\u00fcze ve savunma sistemimiz var. Hedeflerin \u0130ran hava savunma a\u011f\u0131 taraf\u0131ndan tespit edilmeden \u00fclkenin hava s\u0131n\u0131rlar\u0131na yakla\u015fmas\u0131 d\u00fc\u015f\u00fcn\u00fclemez\u2019\u2019 ifadelerini aktard\u0131. &hellip;<\/p>\n","protected":false},"author":41,"featured_media":286836,"comment_status":"closed","ping_status":"closed","sticky":false,"template":"","format":"standard","meta":{"footnotes":""},"categories":[458,459,17988],"tags":[39422,39423],"class_list":["post-286835","post","type-post","status-publish","format-standard","has-post-thumbnail","","category-dunya1","category-haberler-arap-uluslararasi-politika","category-son-haberler","tag-iran-hava-kuvvetleri-komutani-tuggeneral-ali-riza-sabahi-fard","tag-irna-haber-ajansi"],"_links":{"self":[{"href":"https:\/\/archive.sana.sy\/tr\/index.php?rest_route=\/wp\/v2\/posts\/286835","targetHints":{"allow":["GET"]}}],"collection":[{"href":"https:\/\/archive.sana.sy\/tr\/index.php?rest_route=\/wp\/v2\/posts"}],"about":[{"href":"https:\/\/archive.sana.sy\/tr\/index.php?rest_route=\/wp\/v2\/types\/post"}],"author":[{"embeddable":true,"href":"https:\/\/archive.sana.sy\/tr\/index.php?rest_route=\/wp\/v2\/users\/41"}],"replies":[{"embeddable":true,"href":"https:\/\/archive.sana.sy\/tr\/index.php?rest_route=%2Fwp%2Fv2%2Fcomments&post=286835"}],"version-history":[{"count":1,"href":"https:\/\/archive.sana.sy\/tr\/index.php?rest_route=\/wp\/v2\/posts\/286835\/revisions"}],"predecessor-version":[{"id":286837,"href":"https:\/\/archive.sana.sy\/tr\/index.php?rest_route=\/wp\/v2\/posts\/286835\/revisions\/286837"}],"wp:featuredmedia":[{"embeddable":true,"href":"https:\/\/archive.sana.sy\/tr\/index.php?rest_route=\/wp\/v2\/media\/286836"}],"wp:attachment":[{"href":"https:\/\/archive.sana.sy\/tr\/index.php?rest_route=%2Fwp%2Fv2%2Fmedia&parent=286835"}],"wp:term":[{"taxonomy":"category","embeddable":true,"href":"https:\/\/archive.sana.sy\/tr\/index.php?rest_route=%2Fwp%2Fv2%2Fcategories&post=286835"},{"taxonomy":"post_tag","embeddable":true,"href":"https:\/\/archive.sana.sy\/tr\/index.php?rest_route=%2Fwp%2Fv2%2Ftags&post=286835"}],"curies":[{"name":"wp","href":"https:\/\/api.w.org\/{rel}","templated":true}]}}