{"id":286847,"date":"2023-08-23T14:14:15","date_gmt":"2023-08-23T11:14:15","guid":{"rendered":"http:\/\/sana.sy\/tr\/?p=286847"},"modified":"2023-08-24T13:41:15","modified_gmt":"2023-08-24T10:41:15","slug":"cumhurbaskani-esad-tartus-valiligine-firas-ahmed-el-hamidi-atadi","status":"publish","type":"post","link":"https:\/\/archive.sana.sy\/tr\/?p=286847","title":{"rendered":"Cumhurba\u015fkan\u0131 Esad Tartus Valili\u011fi\u2019ne Firas Ahmed El Hamid&#8217;i Atad\u0131"},"content":{"rendered":"<p><strong>\u015eAM<\/strong> <strong>23 A\u011fustos (SANA)<\/strong> \u2013 Say\u0131n Cumhurba\u015fkan\u0131 Be\u015f\u015far Esad, Say\u0131n Abd\u00fclhalim Halil&#8217;in Tartus Valili\u011fi g\u00f6revine atanmas\u0131na son veren ve Say\u0131n Firas Ahmed El Hamid&#8217;i Tartus Valili\u011fi g\u00f6revine atayan 2023 yl\u0131l 216 say\u0131l\u0131 Kararnameyi \u00e7\u0131kard\u0131.<\/p>\n<p><a href=\"https:\/\/t.me\/SuriyeArapHaberAjansI\">Telegram Kanal\u0131m\u0131z\u00a0<\/a><\/p>\n<p><a href=\"https:\/\/www.facebook.com\/SANAHaberAjansi\/\">Facebook Sayfam\u0131z<\/a><\/p>\n<p><a href=\"https:\/\/twitter.com\/arap_ajans\">Twitter Hesab\u0131m\u0131z<\/a><\/p>\n<p>&nbsp;<\/p>\n","protected":false},"excerpt":{"rendered":"<p>\u015eAM 23 A\u011fustos (SANA) \u2013 Say\u0131n Cumhurba\u015fkan\u0131 Be\u015f\u015far Esad, Say\u0131n Abd\u00fclhalim Halil&#8217;in Tartus Valili\u011fi g\u00f6revine atanmas\u0131na son veren ve Say\u0131n Firas Ahmed El Hamid&#8217;i Tartus Valili\u011fi g\u00f6revine atayan 2023 yl\u0131l 216 say\u0131l\u0131 Kararnameyi \u00e7\u0131kard\u0131. Telegram Kanal\u0131m\u0131z\u00a0 Facebook Sayfam\u0131z Twitter Hesab\u0131m\u0131z &nbsp;<\/p>\n","protected":false},"author":36,"featured_media":286848,"comment_status":"closed","ping_status":"closed","sticky":false,"template":"","format":"standard","meta":{"footnotes":""},"categories":[605,17988,612,599],"tags":[1551,19043,38641,22182],"class_list":["post-286847","post","type-post","status-publish","format-standard","has-post-thumbnail","","category-sayin-cumhurbaskani","category-son-haberler","category-yasama-kararnameler","category-yasama-ve-kanunlar","tag-cumhurbaskani-bessar-esad","tag-suriyede-son-durum","tag-suriyede-son-gelimeler","tag-suriyede-savas"],"_links":{"self":[{"href":"https:\/\/archive.sana.sy\/tr\/index.php?rest_route=\/wp\/v2\/posts\/286847","targetHints":{"allow":["GET"]}}],"collection":[{"href":"https:\/\/archive.sana.sy\/tr\/index.php?rest_route=\/wp\/v2\/posts"}],"about":[{"href":"https:\/\/archive.sana.sy\/tr\/index.php?rest_route=\/wp\/v2\/types\/post"}],"author":[{"embeddable":true,"href":"https:\/\/archive.sana.sy\/tr\/index.php?rest_route=\/wp\/v2\/users\/36"}],"replies":[{"embeddable":true,"href":"https:\/\/archive.sana.sy\/tr\/index.php?rest_route=%2Fwp%2Fv2%2Fcomments&post=286847"}],"version-history":[{"count":3,"href":"https:\/\/archive.sana.sy\/tr\/index.php?rest_route=\/wp\/v2\/posts\/286847\/revisions"}],"predecessor-version":[{"id":286891,"href":"https:\/\/archive.sana.sy\/tr\/index.php?rest_route=\/wp\/v2\/posts\/286847\/revisions\/286891"}],"wp:featuredmedia":[{"embeddable":true,"href":"https:\/\/archive.sana.sy\/tr\/index.php?rest_route=\/wp\/v2\/media\/286848"}],"wp:attachment":[{"href":"https:\/\/archive.sana.sy\/tr\/index.php?rest_route=%2Fwp%2Fv2%2Fmedia&parent=286847"}],"wp:term":[{"taxonomy":"category","embeddable":true,"href":"https:\/\/archive.sana.sy\/tr\/index.php?rest_route=%2Fwp%2Fv2%2Fcategories&post=286847"},{"taxonomy":"post_tag","embeddable":true,"href":"https:\/\/archive.sana.sy\/tr\/index.php?rest_route=%2Fwp%2Fv2%2Ftags&post=286847"}],"curies":[{"name":"wp","href":"https:\/\/api.w.org\/{rel}","templated":true}]}}