{"id":286850,"date":"2023-08-23T14:30:51","date_gmt":"2023-08-23T11:30:51","guid":{"rendered":"http:\/\/sana.sy\/tr\/?p=286850"},"modified":"2023-08-24T08:08:28","modified_gmt":"2023-08-24T05:08:28","slug":"sanayi-bakani-bae-buyukelciligi-maslahatguzari-ile-isbirligi-ve-gelisim-alanlarini-gorustu","status":"publish","type":"post","link":"https:\/\/archive.sana.sy\/tr\/?p=286850","title":{"rendered":"Sanayi Bakan\u0131, BAE B\u00fcy\u00fckel\u00e7ili\u011fi Maslahatg\u00fczar\u0131 \u0130le \u0130\u015fbirli\u011fi Ve Geli\u015fim Alanlar\u0131n\u0131 G\u00f6r\u00fc\u015ft\u00fc"},"content":{"rendered":"<p><strong>\u015eAM<\/strong> <strong>23 A\u011fustos (SANA) <\/strong>\u2013 Sanayi Bakan\u0131 Dr. Abdulkader Cuhada, BAE&#8217;nin \u015eam B\u00fcy\u00fckel\u00e7ili\u011fi Maslahatg\u00fczar\u0131 Abdul Hakim Ibrahim El Nuaimi ile iki karde\u015f \u00fclke aras\u0131ndaki end\u00fcstriyel i\u015fbirli\u011fi alanlar\u0131 ve bunlar\u0131n geli\u015fimi hakk\u0131nda g\u00f6r\u00fc\u015ft\u00fc.<\/p>\n<p>Bakan Cuhada , Suriye&#8217;deki sanayi ve el sanatlar\u0131 sekt\u00f6r\u00fcn\u00fcn ger\u00e7ekli\u011fi hakk\u0131nda bir sunum yaparak, BAE&#8217;nin ge\u00e7en \u015eubat ay\u0131nda Suriye&#8217;yi vuran y\u0131k\u0131c\u0131 depremden etkilenenlere yard\u0131m etmek i\u00e7in g\u00f6sterdi\u011fi \u00e7abalara ve insani tutumlara dikkat \u00e7ekti.<\/p>\n<p>El Nuaimi ise iki karde\u015f \u00fclke aras\u0131ndaki se\u00e7kin tarihi ili\u015fkilere i\u015faret ederek, Arap Devletleri Ligi Konseyi toplant\u0131lar\u0131na Suriyelilerin kat\u0131l\u0131m\u0131n\u0131n yeniden ba\u015flamas\u0131n\u0131n, t\u00fcm alanlarda i\u015fbirli\u011fi ve ilerleme umutlar\u0131 a\u00e7aca\u011f\u0131n\u0131 umdu\u011funu ifade etti.<\/p>\n<p style=\"text-align: justify;\"><a href=\"https:\/\/t.me\/SuriyeArapHaberAjansI\">Telegram Kanal\u0131m\u0131z\u00a0<\/a><\/p>\n<p style=\"text-align: justify;\"><a href=\"https:\/\/www.facebook.com\/SANAHaberAjansi\/\">Facebook Sayfam\u0131z<\/a><\/p>\n<p style=\"text-align: justify;\"><a href=\"https:\/\/twitter.com\/arap_ajans\">Twitter Hesab\u0131m\u0131z<\/a><\/p>\n<p style=\"text-align: justify;\">\n","protected":false},"excerpt":{"rendered":"<p>\u015eAM 23 A\u011fustos (SANA) \u2013 Sanayi Bakan\u0131 Dr. Abdulkader Cuhada, BAE&#8217;nin \u015eam B\u00fcy\u00fckel\u00e7ili\u011fi Maslahatg\u00fczar\u0131 Abdul Hakim Ibrahim El Nuaimi ile iki karde\u015f \u00fclke aras\u0131ndaki end\u00fcstriyel i\u015fbirli\u011fi alanlar\u0131 ve bunlar\u0131n geli\u015fimi hakk\u0131nda g\u00f6r\u00fc\u015ft\u00fc. Bakan Cuhada , Suriye&#8217;deki sanayi ve el sanatlar\u0131 sekt\u00f6r\u00fcn\u00fcn ger\u00e7ekli\u011fi hakk\u0131nda bir sunum yaparak, BAE&#8217;nin ge\u00e7en \u015eubat ay\u0131nda Suriye&#8217;yi vuran y\u0131k\u0131c\u0131 depremden etkilenenlere &hellip;<\/p>\n","protected":false},"author":36,"featured_media":286851,"comment_status":"closed","ping_status":"closed","sticky":false,"template":"","format":"standard","meta":{"footnotes":""},"categories":[479,17988,478],"tags":[],"class_list":["post-286850","post","type-post","status-publish","format-standard","has-post-thumbnail","","category-haberler-yerel","category-son-haberler","category-yerel"],"_links":{"self":[{"href":"https:\/\/archive.sana.sy\/tr\/index.php?rest_route=\/wp\/v2\/posts\/286850","targetHints":{"allow":["GET"]}}],"collection":[{"href":"https:\/\/archive.sana.sy\/tr\/index.php?rest_route=\/wp\/v2\/posts"}],"about":[{"href":"https:\/\/archive.sana.sy\/tr\/index.php?rest_route=\/wp\/v2\/types\/post"}],"author":[{"embeddable":true,"href":"https:\/\/archive.sana.sy\/tr\/index.php?rest_route=\/wp\/v2\/users\/36"}],"replies":[{"embeddable":true,"href":"https:\/\/archive.sana.sy\/tr\/index.php?rest_route=%2Fwp%2Fv2%2Fcomments&post=286850"}],"version-history":[{"count":2,"href":"https:\/\/archive.sana.sy\/tr\/index.php?rest_route=\/wp\/v2\/posts\/286850\/revisions"}],"predecessor-version":[{"id":286853,"href":"https:\/\/archive.sana.sy\/tr\/index.php?rest_route=\/wp\/v2\/posts\/286850\/revisions\/286853"}],"wp:featuredmedia":[{"embeddable":true,"href":"https:\/\/archive.sana.sy\/tr\/index.php?rest_route=\/wp\/v2\/media\/286851"}],"wp:attachment":[{"href":"https:\/\/archive.sana.sy\/tr\/index.php?rest_route=%2Fwp%2Fv2%2Fmedia&parent=286850"}],"wp:term":[{"taxonomy":"category","embeddable":true,"href":"https:\/\/archive.sana.sy\/tr\/index.php?rest_route=%2Fwp%2Fv2%2Fcategories&post=286850"},{"taxonomy":"post_tag","embeddable":true,"href":"https:\/\/archive.sana.sy\/tr\/index.php?rest_route=%2Fwp%2Fv2%2Ftags&post=286850"}],"curies":[{"name":"wp","href":"https:\/\/api.w.org\/{rel}","templated":true}]}}