{"id":286856,"date":"2023-08-23T15:16:40","date_gmt":"2023-08-23T12:16:40","guid":{"rendered":"http:\/\/sana.sy\/tr\/?p=286856"},"modified":"2023-08-24T08:08:31","modified_gmt":"2023-08-24T05:08:31","slug":"dusman-israil-lubnan-karasularini-ihlalini-yineledi","status":"publish","type":"post","link":"https:\/\/archive.sana.sy\/tr\/?p=286856","title":{"rendered":"D\u00fc\u015fman \u0130srail L\u00fcbnan Karasular\u0131n\u0131 \u0130hlalini Yineledi"},"content":{"rendered":"<p style=\"text-align: justify;\"><strong>BEYRUT 23 A\u011fustos (SANA)<\/strong> \u2013 D\u00fc\u015fman \u0130srail L\u00fcbnan karasular\u0131n\u0131 ihlal etti\u011fini yineledi.<\/p>\n<p style=\"text-align: justify;\">L\u00fcbnan Ordu Komutanl\u0131\u011f\u0131 yapt\u0131\u011f\u0131 a\u00e7\u0131klamada, \u2018\u2019D\u00fcn ak\u015fam, \u0130srail d\u00fc\u015fman\u0131na ait bir h\u00fccumbot, Ras El Nakura a\u00e7\u0131klar\u0131ndaki L\u00fcbnan karasular\u0131n\u0131 yakla\u015f\u0131k 500 metrelik bir mesafe boyunca bir saat 25 dakika boyunca ihlal etti\u2019\u2019 dedi.<\/p>\n<p style=\"text-align: justify;\">A\u00e7\u0131klamada ayr\u0131ca, \u2018\u2019\u0130hlal konusu, L\u00fcbnan&#8217;daki Birle\u015fmi\u015f Milletler Ge\u00e7ici G\u00fcc\u00fc (UNIFIL) ile koordineli olarak takip edildi\u2019\u2019 idadelere yer verildi.<\/p>\n<p><a href=\"https:\/\/t.me\/SuriyeArapHaberAjansI\">Telegram Kanal\u0131m\u0131z\u00a0<\/a><\/p>\n<p><a href=\"https:\/\/www.facebook.com\/SANAHaberAjansi\/\">Facebook Sayfam\u0131z<\/a><\/p>\n<p><a href=\"https:\/\/twitter.com\/arap_ajans\">Twitter Hesab\u0131m\u0131z<\/a><\/p>\n","protected":false},"excerpt":{"rendered":"<p>BEYRUT 23 A\u011fustos (SANA) \u2013 D\u00fc\u015fman \u0130srail L\u00fcbnan karasular\u0131n\u0131 ihlal etti\u011fini yineledi. L\u00fcbnan Ordu Komutanl\u0131\u011f\u0131 yapt\u0131\u011f\u0131 a\u00e7\u0131klamada, \u2018\u2019D\u00fcn ak\u015fam, \u0130srail d\u00fc\u015fman\u0131na ait bir h\u00fccumbot, Ras El Nakura a\u00e7\u0131klar\u0131ndaki L\u00fcbnan karasular\u0131n\u0131 yakla\u015f\u0131k 500 metrelik bir mesafe boyunca bir saat 25 dakika boyunca ihlal etti\u2019\u2019 dedi. A\u00e7\u0131klamada ayr\u0131ca, \u2018\u2019\u0130hlal konusu, L\u00fcbnan&#8217;daki Birle\u015fmi\u015f Milletler Ge\u00e7ici G\u00fcc\u00fc (UNIFIL) ile &hellip;<\/p>\n","protected":false},"author":41,"featured_media":286857,"comment_status":"closed","ping_status":"closed","sticky":false,"template":"","format":"standard","meta":{"footnotes":""},"categories":[458,459,17988],"tags":[39425,39427,39375,39426,39428],"class_list":["post-286856","post","type-post","status-publish","format-standard","has-post-thumbnail","","category-dunya1","category-haberler-arap-uluslararasi-politika","category-son-haberler","tag-dusman-israil-lubnan-karasularini-ihlalini-yineledi","tag-israil-lubnana-saldiriyor","tag-lubnan-ordu-komutanligi","tag-lubnandaki-birlesmis-milletler-gecici-gucu-unifil","tag-ras-el-nakura"],"_links":{"self":[{"href":"https:\/\/archive.sana.sy\/tr\/index.php?rest_route=\/wp\/v2\/posts\/286856","targetHints":{"allow":["GET"]}}],"collection":[{"href":"https:\/\/archive.sana.sy\/tr\/index.php?rest_route=\/wp\/v2\/posts"}],"about":[{"href":"https:\/\/archive.sana.sy\/tr\/index.php?rest_route=\/wp\/v2\/types\/post"}],"author":[{"embeddable":true,"href":"https:\/\/archive.sana.sy\/tr\/index.php?rest_route=\/wp\/v2\/users\/41"}],"replies":[{"embeddable":true,"href":"https:\/\/archive.sana.sy\/tr\/index.php?rest_route=%2Fwp%2Fv2%2Fcomments&post=286856"}],"version-history":[{"count":1,"href":"https:\/\/archive.sana.sy\/tr\/index.php?rest_route=\/wp\/v2\/posts\/286856\/revisions"}],"predecessor-version":[{"id":286858,"href":"https:\/\/archive.sana.sy\/tr\/index.php?rest_route=\/wp\/v2\/posts\/286856\/revisions\/286858"}],"wp:featuredmedia":[{"embeddable":true,"href":"https:\/\/archive.sana.sy\/tr\/index.php?rest_route=\/wp\/v2\/media\/286857"}],"wp:attachment":[{"href":"https:\/\/archive.sana.sy\/tr\/index.php?rest_route=%2Fwp%2Fv2%2Fmedia&parent=286856"}],"wp:term":[{"taxonomy":"category","embeddable":true,"href":"https:\/\/archive.sana.sy\/tr\/index.php?rest_route=%2Fwp%2Fv2%2Fcategories&post=286856"},{"taxonomy":"post_tag","embeddable":true,"href":"https:\/\/archive.sana.sy\/tr\/index.php?rest_route=%2Fwp%2Fv2%2Ftags&post=286856"}],"curies":[{"name":"wp","href":"https:\/\/api.w.org\/{rel}","templated":true}]}}