{"id":286859,"date":"2023-08-23T16:02:41","date_gmt":"2023-08-23T13:02:41","guid":{"rendered":"http:\/\/sana.sy\/tr\/?p=286859"},"modified":"2023-08-25T09:01:49","modified_gmt":"2023-08-25T06:01:49","slug":"iletisim-alaninda-isbirligini-artirmak-icin-suriye-iran-gorusmeleri","status":"publish","type":"post","link":"https:\/\/archive.sana.sy\/tr\/?p=286859","title":{"rendered":"\u0130leti\u015fim Alan\u0131nda \u0130\u015fbirli\u011fini Art\u0131rmak \u0130\u00e7in Suriye-\u0130ran G\u00f6r\u00fc\u015fmeleri"},"content":{"rendered":"<p style=\"text-align: justify;\"><strong>\u015eAM 23 A\u011fustos (SANA)<\/strong> &#8211; \u0130leti\u015fim ve Teknoloji Bakan\u0131 \u0130yad El Hatib, \u0130ran \u0130leti\u015fim ve Bilgi Teknolojileri Bakan\u0131 dan\u0131\u015fman\u0131 Mirza Pur ve beraberindeki heyetle iki \u00fclke aras\u0131nda ileti\u015fim ve bilgi teknolojisi alan\u0131nda i\u015fbirli\u011fini geli\u015ftirmenin yollar\u0131n\u0131 g\u00f6r\u00fc\u015ft\u00fc.<\/p>\n<p style=\"text-align: justify;\">Bug\u00fcn Bakanl\u0131k binas\u0131nda ger\u00e7ekle\u015ftirilen toplant\u0131da Bakan\u00a0 El Hatib, \u0130ran&#8217;\u0131n bu alandaki se\u00e7kin deneyimi g\u00f6z \u00f6n\u00fcne al\u0131nd\u0131\u011f\u0131nda, ileti\u015fim ve altyap\u0131 alan\u0131nda \u0130ran taraf\u0131yla i\u015fbirli\u011finin g\u00fc\u00e7lendirilmesi ve geli\u015ftirilmesinin \u00f6nemini vurgulayarak, iki dost \u00fclkenin halklar\u0131na fayda sa\u011flayacak \u015fekilde, iki taraf aras\u0131nda deneyim al\u0131\u015fveri\u015finin \u00f6nemine dikkat \u00e7ekti.<\/p>\n<p style=\"text-align: justify;\">Purr ise \u0130ran-Suriye ili\u015fkilerinin derinli\u011finin, iki \u00fclke aras\u0131nda ileti\u015fim alan\u0131nda verimli i\u015f birli\u011finin sa\u011flanmas\u0131nda kataliz\u00f6r oldu\u011funu ifade ederken, \u00fclkesinin bu da Suriye&#8217;deki telekom\u00fcnikasyon sekt\u00f6r\u00fcne olumlu yans\u0131yacak \u015fekilde gerekli t\u00fcm deste\u011fi sa\u011flamaya haz\u0131r oldu\u011funu vurgulad\u0131.<\/p>\n<p><a href=\"https:\/\/t.me\/SuriyeArapHaberAjansI\">Telegram Kanal\u0131m\u0131z\u00a0<\/a><\/p>\n<p><a href=\"https:\/\/www.facebook.com\/SANAHaberAjansi\/\">Facebook Sayfam\u0131z<\/a><\/p>\n<p><a href=\"https:\/\/twitter.com\/arap_ajans\">Twitter Hesab\u0131m\u0131z<\/a><\/p>\n","protected":false},"excerpt":{"rendered":"<p>\u015eAM 23 A\u011fustos (SANA) &#8211; \u0130leti\u015fim ve Teknoloji Bakan\u0131 \u0130yad El Hatib, \u0130ran \u0130leti\u015fim ve Bilgi Teknolojileri Bakan\u0131 dan\u0131\u015fman\u0131 Mirza Pur ve beraberindeki heyetle iki \u00fclke aras\u0131nda ileti\u015fim ve bilgi teknolojisi alan\u0131nda i\u015fbirli\u011fini geli\u015ftirmenin yollar\u0131n\u0131 g\u00f6r\u00fc\u015ft\u00fc. Bug\u00fcn Bakanl\u0131k binas\u0131nda ger\u00e7ekle\u015ftirilen toplant\u0131da Bakan\u00a0 El Hatib, \u0130ran&#8217;\u0131n bu alandaki se\u00e7kin deneyimi g\u00f6z \u00f6n\u00fcne al\u0131nd\u0131\u011f\u0131nda, ileti\u015fim ve altyap\u0131 &hellip;<\/p>\n","protected":false},"author":41,"featured_media":286860,"comment_status":"closed","ping_status":"closed","sticky":false,"template":"","format":"standard","meta":{"footnotes":""},"categories":[479,17988,478],"tags":[39429],"class_list":["post-286859","post","type-post","status-publish","format-standard","has-post-thumbnail","","category-haberler-yerel","category-son-haberler","category-yerel","tag-iletisim-alaninda-isbirligini-artirmak-icin-suriye-iran-gorusmeleri"],"_links":{"self":[{"href":"https:\/\/archive.sana.sy\/tr\/index.php?rest_route=\/wp\/v2\/posts\/286859","targetHints":{"allow":["GET"]}}],"collection":[{"href":"https:\/\/archive.sana.sy\/tr\/index.php?rest_route=\/wp\/v2\/posts"}],"about":[{"href":"https:\/\/archive.sana.sy\/tr\/index.php?rest_route=\/wp\/v2\/types\/post"}],"author":[{"embeddable":true,"href":"https:\/\/archive.sana.sy\/tr\/index.php?rest_route=\/wp\/v2\/users\/41"}],"replies":[{"embeddable":true,"href":"https:\/\/archive.sana.sy\/tr\/index.php?rest_route=%2Fwp%2Fv2%2Fcomments&post=286859"}],"version-history":[{"count":1,"href":"https:\/\/archive.sana.sy\/tr\/index.php?rest_route=\/wp\/v2\/posts\/286859\/revisions"}],"predecessor-version":[{"id":286861,"href":"https:\/\/archive.sana.sy\/tr\/index.php?rest_route=\/wp\/v2\/posts\/286859\/revisions\/286861"}],"wp:featuredmedia":[{"embeddable":true,"href":"https:\/\/archive.sana.sy\/tr\/index.php?rest_route=\/wp\/v2\/media\/286860"}],"wp:attachment":[{"href":"https:\/\/archive.sana.sy\/tr\/index.php?rest_route=%2Fwp%2Fv2%2Fmedia&parent=286859"}],"wp:term":[{"taxonomy":"category","embeddable":true,"href":"https:\/\/archive.sana.sy\/tr\/index.php?rest_route=%2Fwp%2Fv2%2Fcategories&post=286859"},{"taxonomy":"post_tag","embeddable":true,"href":"https:\/\/archive.sana.sy\/tr\/index.php?rest_route=%2Fwp%2Fv2%2Ftags&post=286859"}],"curies":[{"name":"wp","href":"https:\/\/api.w.org\/{rel}","templated":true}]}}