{"id":286862,"date":"2023-08-23T17:07:24","date_gmt":"2023-08-23T14:07:24","guid":{"rendered":"http:\/\/sana.sy\/tr\/?p=286862"},"modified":"2023-08-25T09:01:52","modified_gmt":"2023-08-25T06:01:52","slug":"rsb-700-ukraynali-askeri-olduruldu-onlarca-askeri-arac-imha-edildi-ve-18-iha-dusuruldu","status":"publish","type":"post","link":"https:\/\/archive.sana.sy\/tr\/?p=286862","title":{"rendered":"RSB: 700 Ukraynal\u0131 askeri \u00d6ld\u00fcr\u00fcld\u00fc, Onlarca Askeri Ara\u00e7 \u0130mha Edildi \u00a0Ve 18 \u0130HA D\u00fc\u015f\u00fcr\u00fcld\u00fc"},"content":{"rendered":"<p style=\"text-align: justify;\"><strong>MOSKOVA 23 A\u011fustos (SANA)<\/strong> &#8211; Bug\u00fcn Rusya Savunma Bakanl\u0131\u011f\u0131, g\u00fc\u00e7lerinin yakla\u015f\u0131k 700 Ukraynal\u0131 askeri \u00f6ld\u00fcrd\u00fc\u011f\u00fcn\u00fc, d\u00fczinelerce askeri arac\u0131 imha etti\u011fini ve 18 Ukrayna y\u00fcr\u00fcy\u00fc\u015f\u00fcn\u00fc d\u00fc\u015f\u00fcrd\u00fc\u011f\u00fcn\u00fc duyurdu.<\/p>\n<p style=\"text-align: justify;\">Bakanl\u0131k, Rus \u00f6zel askeri operasyonunun ge\u00e7ti\u011fimiz g\u00fcnk\u00fc ilerlemesine ili\u015fkin g\u00fcnl\u00fck raporunda \u015funlar\u0131 s\u00f6yledi:<\/p>\n<p style=\"text-align: justify;\"><strong><span style=\"color: #0000ff;\">Donetsk y\u00f6n\u00fcnde:<\/span> <\/strong><\/p>\n<p style=\"text-align: justify;\"><img loading=\"lazy\" decoding=\"async\" class=\"size-medium wp-image-286864 alignright\" src=\"http:\/\/sana.sy\/tr\/wp-content\/uploads\/2023\/08\/Untitled-4-copy-7-660x330-1-300x150.jpg\" alt=\"\" width=\"300\" height=\"150\" srcset=\"https:\/\/archive.sana.sy\/tr\/wp-content\/uploads\/2023\/08\/Untitled-4-copy-7-660x330-1-300x150.jpg 300w, https:\/\/archive.sana.sy\/tr\/wp-content\/uploads\/2023\/08\/Untitled-4-copy-7-660x330-1.jpg 660w\" sizes=\"auto, (max-width: 300px) 100vw, 300px\" \/>Ukrayna kuvvetlerine ba\u011fl\u0131 iki tugay\u0131n komuta merkezlerini hedef alan Rus g\u00fc\u00e7leri, 3 sald\u0131r\u0131y\u0131 p\u00fcsk\u00fcrterek d\u00fc\u015fmana a\u011f\u0131r kay\u0131plar verdirirken, yakla\u015f\u0131k 180 asker de imha edildi.<\/p>\n<p style=\"text-align: justify;\"><strong><span style=\"color: #0000ff;\">Kobyansk y\u00f6n\u00fcnde:<\/span> <\/strong><\/p>\n<p style=\"text-align: justify;\">Rus ordusunun birlikleri 4 d\u00fc\u015fman sald\u0131r\u0131s\u0131n\u0131 p\u00fcsk\u00fcrtmeyi ba\u015fard\u0131 ve Ukrayna kuvvetlerinin kayb\u0131 170 asker oldu.<\/p>\n<p style=\"text-align: justify;\"><strong><span style=\"color: #0000ff;\">Kherson y\u00f6n\u00fcnde:<\/span> <\/strong><\/p>\n<p style=\"text-align: justify;\">Rus kuvvetleri Krasno-Lyman ekseninde en az 20 askeri ve yakla\u015f\u0131k 60 askerini yok etti.<\/p>\n<p style=\"text-align: justify;\"><strong><span style=\"color: #0000ff;\">Zaporozhye y\u00f6n\u00fcnde:<\/span> <\/strong><\/p>\n<p style=\"text-align: justify;\"><img loading=\"lazy\" decoding=\"async\" class=\"size-full wp-image-286865 alignright\" src=\"http:\/\/sana.sy\/tr\/wp-content\/uploads\/2023\/08\/Untitled-1-37-300x169-1.jpg\" alt=\"\" width=\"300\" height=\"169\" \/>Ukrayna kuvvetlerinin kay\u0131plar\u0131 80 askeri buldu ve kunda\u011f\u0131 motorlu silahlar imha edildi.<\/p>\n<p style=\"text-align: justify;\"><strong><span style=\"color: #0000ff;\">Donetsk&#8217;in g\u00fcneyinde:<\/span> <\/strong><\/p>\n<p style=\"text-align: justify;\">Ukrayna g\u00fc\u00e7leri bir g\u00fcnde 145&#8217;e yak\u0131n askeri, tank ve ob\u00fcsleri \u00f6ld\u00fcrerek veya yaralayarak kaybetti.<\/p>\n<p style=\"text-align: justify;\">A\u00e7\u0131klamaya g\u00f6re ayr\u0131ca Rus hava savunmas\u0131, ABD yap\u0131m\u0131 \u201cHIMARS\u201d sistemi taraf\u0131ndan f\u0131rlat\u0131lan bir f\u00fczeyi \u00f6nlemeyi ba\u015fard\u0131 ve 18 \u0130HA&#8217;y\u0131 d\u00fc\u015f\u00fcrd\u00fc.<\/p>\n<p style=\"text-align: justify;\"><a href=\"https:\/\/t.me\/SuriyeArapHaberAjansI\">Telegram Kanal\u0131m\u0131z\u00a0<\/a><\/p>\n<p style=\"text-align: justify;\"><a href=\"https:\/\/www.facebook.com\/SANAHaberAjansi\/\">Facebook Sayfam\u0131z<\/a><\/p>\n<p style=\"text-align: justify;\"><a href=\"https:\/\/twitter.com\/arap_ajans\">Twitter Hesab\u0131m\u0131z<\/a><\/p>\n","protected":false},"excerpt":{"rendered":"<p>MOSKOVA 23 A\u011fustos (SANA) &#8211; Bug\u00fcn Rusya Savunma Bakanl\u0131\u011f\u0131, g\u00fc\u00e7lerinin yakla\u015f\u0131k 700 Ukraynal\u0131 askeri \u00f6ld\u00fcrd\u00fc\u011f\u00fcn\u00fc, d\u00fczinelerce askeri arac\u0131 imha etti\u011fini ve 18 Ukrayna y\u00fcr\u00fcy\u00fc\u015f\u00fcn\u00fc d\u00fc\u015f\u00fcrd\u00fc\u011f\u00fcn\u00fc duyurdu. Bakanl\u0131k, Rus \u00f6zel askeri operasyonunun ge\u00e7ti\u011fimiz g\u00fcnk\u00fc ilerlemesine ili\u015fkin g\u00fcnl\u00fck raporunda \u015funlar\u0131 s\u00f6yledi: Donetsk y\u00f6n\u00fcnde: Ukrayna kuvvetlerine ba\u011fl\u0131 iki tugay\u0131n komuta merkezlerini hedef alan Rus g\u00fc\u00e7leri, 3 sald\u0131r\u0131y\u0131 p\u00fcsk\u00fcrterek &hellip;<\/p>\n","protected":false},"author":41,"featured_media":286863,"comment_status":"closed","ping_status":"closed","sticky":false,"template":"","format":"standard","meta":{"footnotes":""},"categories":[458,459,17988],"tags":[39406,39431,39430,39433,39432],"class_list":["post-286862","post","type-post","status-publish","format-standard","has-post-thumbnail","","category-dunya1","category-haberler-arap-uluslararasi-politika","category-son-haberler","tag-himars","tag-onlarca-askeri-arac-imha-edildi-ve-18-iha-dusuruldu","tag-rsb-700-ukraynali-askeri-olduruldu","tag-rus-kuvvetleri-krasno-lyman-ekseni","tag-usya-savunma-bakanligi"],"_links":{"self":[{"href":"https:\/\/archive.sana.sy\/tr\/index.php?rest_route=\/wp\/v2\/posts\/286862","targetHints":{"allow":["GET"]}}],"collection":[{"href":"https:\/\/archive.sana.sy\/tr\/index.php?rest_route=\/wp\/v2\/posts"}],"about":[{"href":"https:\/\/archive.sana.sy\/tr\/index.php?rest_route=\/wp\/v2\/types\/post"}],"author":[{"embeddable":true,"href":"https:\/\/archive.sana.sy\/tr\/index.php?rest_route=\/wp\/v2\/users\/41"}],"replies":[{"embeddable":true,"href":"https:\/\/archive.sana.sy\/tr\/index.php?rest_route=%2Fwp%2Fv2%2Fcomments&post=286862"}],"version-history":[{"count":1,"href":"https:\/\/archive.sana.sy\/tr\/index.php?rest_route=\/wp\/v2\/posts\/286862\/revisions"}],"predecessor-version":[{"id":286866,"href":"https:\/\/archive.sana.sy\/tr\/index.php?rest_route=\/wp\/v2\/posts\/286862\/revisions\/286866"}],"wp:featuredmedia":[{"embeddable":true,"href":"https:\/\/archive.sana.sy\/tr\/index.php?rest_route=\/wp\/v2\/media\/286863"}],"wp:attachment":[{"href":"https:\/\/archive.sana.sy\/tr\/index.php?rest_route=%2Fwp%2Fv2%2Fmedia&parent=286862"}],"wp:term":[{"taxonomy":"category","embeddable":true,"href":"https:\/\/archive.sana.sy\/tr\/index.php?rest_route=%2Fwp%2Fv2%2Fcategories&post=286862"},{"taxonomy":"post_tag","embeddable":true,"href":"https:\/\/archive.sana.sy\/tr\/index.php?rest_route=%2Fwp%2Fv2%2Ftags&post=286862"}],"curies":[{"name":"wp","href":"https:\/\/api.w.org\/{rel}","templated":true}]}}