{"id":286872,"date":"2023-08-23T14:12:40","date_gmt":"2023-08-23T11:12:40","guid":{"rendered":"http:\/\/sana.sy\/tr\/?p=286872"},"modified":"2023-08-24T08:08:23","modified_gmt":"2023-08-24T05:08:23","slug":"dunya-paralimpik-halter-sampiyonasinda-suriyeye-bronz-madalya","status":"publish","type":"post","link":"https:\/\/archive.sana.sy\/tr\/?p=286872","title":{"rendered":"D\u00fcnya Paralimpik Halter \u015eampiyonas\u0131&#8217;nda Suriye&#8217;ye Bronz Madalya"},"content":{"rendered":"<p style=\"text-align: justify;\"><strong>ABU DUBA\u0130 24 A\u011fustos (SANA) <\/strong>&#8211; Suriye milli tak\u0131m \u00f6zel spor tak\u0131m\u0131 oyuncusu Nura Beddur, \u015fu anda Dubai&#8217;de d\u00fczenlenen D\u00fcnya Paralimpik Halter \u015eampiyonas\u0131&#8217;nda bronz madalya kazand\u0131.<\/p>\n<p style=\"text-align: justify;\">Beddur, \u00fc\u00e7 do\u011fru kald\u0131rmay\u0131 ba\u015fararak toplam kald\u0131rma s\u0131ralamas\u0131nda birincilik ve alt\u0131n madalya kazanan \u00c7in d\u00fcnya \u015fampiyonu ve g\u00fcm\u00fc\u015f madalya kazanan Ukraynal\u0131 sporcunun ard\u0131ndan \u00fc\u00e7\u00fcnc\u00fc s\u0131rada yer ald\u0131.<\/p>\n<p style=\"text-align: justify;\">Oyuncu Beddur final genel s\u0131ralamas\u0131nda sekizinci oldu.<\/p>\n<p><a href=\"https:\/\/t.me\/SuriyeArapHaberAjansI\">Telegram Kanal\u0131m\u0131z\u00a0<\/a><\/p>\n<p><a href=\"https:\/\/www.facebook.com\/SANAHaberAjansi\/\">Facebook Sayfam\u0131z<\/a><\/p>\n<p><a href=\"https:\/\/twitter.com\/arap_ajans\">Twitter Hesab\u0131m\u0131z<\/a><\/p>\n","protected":false},"excerpt":{"rendered":"<p>ABU DUBA\u0130 24 A\u011fustos (SANA) &#8211; Suriye milli tak\u0131m \u00f6zel spor tak\u0131m\u0131 oyuncusu Nura Beddur, \u015fu anda Dubai&#8217;de d\u00fczenlenen D\u00fcnya Paralimpik Halter \u015eampiyonas\u0131&#8217;nda bronz madalya kazand\u0131. Beddur, \u00fc\u00e7 do\u011fru kald\u0131rmay\u0131 ba\u015fararak toplam kald\u0131rma s\u0131ralamas\u0131nda birincilik ve alt\u0131n madalya kazanan \u00c7in d\u00fcnya \u015fampiyonu ve g\u00fcm\u00fc\u015f madalya kazanan Ukraynal\u0131 sporcunun ard\u0131ndan \u00fc\u00e7\u00fcnc\u00fc s\u0131rada yer ald\u0131. Oyuncu Beddur &hellip;<\/p>\n","protected":false},"author":41,"featured_media":286873,"comment_status":"closed","ping_status":"closed","sticky":false,"template":"","format":"standard","meta":{"footnotes":""},"categories":[458,498,459,17988,496],"tags":[39435],"class_list":["post-286872","post","type-post","status-publish","format-standard","has-post-thumbnail","","category-dunya1","category-dunya-turnuvalari","category-haberler-arap-uluslararasi-politika","category-son-haberler","category-spor","tag-dunya-paralimpik-halter-sampiyonasinda-suriyeye-bronz-madalya"],"_links":{"self":[{"href":"https:\/\/archive.sana.sy\/tr\/index.php?rest_route=\/wp\/v2\/posts\/286872","targetHints":{"allow":["GET"]}}],"collection":[{"href":"https:\/\/archive.sana.sy\/tr\/index.php?rest_route=\/wp\/v2\/posts"}],"about":[{"href":"https:\/\/archive.sana.sy\/tr\/index.php?rest_route=\/wp\/v2\/types\/post"}],"author":[{"embeddable":true,"href":"https:\/\/archive.sana.sy\/tr\/index.php?rest_route=\/wp\/v2\/users\/41"}],"replies":[{"embeddable":true,"href":"https:\/\/archive.sana.sy\/tr\/index.php?rest_route=%2Fwp%2Fv2%2Fcomments&post=286872"}],"version-history":[{"count":1,"href":"https:\/\/archive.sana.sy\/tr\/index.php?rest_route=\/wp\/v2\/posts\/286872\/revisions"}],"predecessor-version":[{"id":286874,"href":"https:\/\/archive.sana.sy\/tr\/index.php?rest_route=\/wp\/v2\/posts\/286872\/revisions\/286874"}],"wp:featuredmedia":[{"embeddable":true,"href":"https:\/\/archive.sana.sy\/tr\/index.php?rest_route=\/wp\/v2\/media\/286873"}],"wp:attachment":[{"href":"https:\/\/archive.sana.sy\/tr\/index.php?rest_route=%2Fwp%2Fv2%2Fmedia&parent=286872"}],"wp:term":[{"taxonomy":"category","embeddable":true,"href":"https:\/\/archive.sana.sy\/tr\/index.php?rest_route=%2Fwp%2Fv2%2Fcategories&post=286872"},{"taxonomy":"post_tag","embeddable":true,"href":"https:\/\/archive.sana.sy\/tr\/index.php?rest_route=%2Fwp%2Fv2%2Ftags&post=286872"}],"curies":[{"name":"wp","href":"https:\/\/api.w.org\/{rel}","templated":true}]}}