{"id":286876,"date":"2023-08-23T23:36:14","date_gmt":"2023-08-23T20:36:14","guid":{"rendered":"http:\/\/sana.sy\/tr\/?p=286876"},"modified":"2023-08-24T14:06:00","modified_gmt":"2023-08-24T11:06:00","slug":"savunma-bakanligi-silahli-kuvvetlerimiz-halep-lazkiye-ve-hama-kirsalindaki-teror-karargahlarini-hedef-aldi-video","status":"publish","type":"post","link":"https:\/\/archive.sana.sy\/tr\/?p=286876","title":{"rendered":"Savunma Bakanl\u0131\u011f\u0131: Silahl\u0131 Kuvvetlerimiz Halep, Lazkiye Ve Hama K\u0131rsal\u0131ndaki Ter\u00f6r Karargahlar\u0131n\u0131 Hedef Ald\u0131 &#8211; Video"},"content":{"rendered":"<p><strong>\u015eAM 23 A\u011fustos (SANA) &#8211;<\/strong> Suriye Arap Ordusu birlikleri, Rus Hava Kuvvetleri ile i\u015fbirli\u011fi i\u00e7inde Halep, Lazkiye ve Hama k\u0131rsal\u0131ndaki ter\u00f6r karargahlar\u0131n\u0131 hedef alan \u00e7ok say\u0131da yo\u011fun hava ve top\u00e7u sald\u0131r\u0131s\u0131 d\u00fczenledi.<\/p>\n<p>Savunma Bakanl\u0131\u011f\u0131 Facebook sayfas\u0131nda, &#8221;Ter\u00f6r \u00f6rg\u00fctlerinin Halep, Lazkiye ve Hama k\u0131rsal\u0131ndaki g\u00fcvenli k\u00f6y ve kasabalara y\u00f6nelik defalarca d\u00fczenledi\u011fi sald\u0131r\u0131lara yan\u0131t olarak Ayn\u0131 do\u011frultuda hareket eden silahl\u0131 kuvvetlerimizin birimleri, Rus Havac\u0131l\u0131k ve Uzay Kuvvetleri ile i\u015fbirli\u011fi i\u00e7erisinde, dikkatli izleme ve takip sonras\u0131nda \u00e7ok say\u0131da hava ve top\u00e7u sald\u0131r\u0131s\u0131 ger\u00e7ekle\u015ftirdi. Sald\u0131rd\u0131, Ter\u00f6ristlerin karargahlar\u0131, f\u00fcze ve drone rampalar\u0131 ve m\u00fchimmat depolar\u0131 hedef al\u0131nd\u0131. Sonu\u00e7ta b\u00fcy\u00fck bir k\u0131sm\u0131 imha edildi ve \u00e7o\u011fu bu \u00f6rg\u00fctlerin liderleri olan onlarca ter\u00f6rist \u00f6ld\u00fcr\u00fcld\u00fc ve yaraland\u0131&#8221; a\u00e7\u0131klamada bulundu.<\/p>\n<p>Bakanl\u0131k ayr\u0131ca, &#8221;S\u00f6z konusu do\u011frultuda faaliyet g\u00f6steren silahl\u0131 kuvvetlerimizin birimleri, b\u00f6lgede g\u00fcvenli sivillere sald\u0131r\u0131 giri\u015fiminde bulunan 5 ter\u00f6r \u00f6rg\u00fct\u00fcne ait \u0130HA&#8217;y\u0131 imha ederek d\u00fc\u015f\u00fcrmeyi ba\u015farm\u0131\u015ft\u0131r&#8221; ifadelerini s\u00f6zlerine ekledi.<\/p>\n<p><a href=\"https:\/\/t.me\/SuriyeArapHaberAjansI\">Telegram Kanal\u0131m\u0131z\u00a0<\/a><\/p>\n<p><a href=\"https:\/\/www.facebook.com\/SANAHaberAjansi\/\">Facebook Sayfam\u0131z<\/a><\/p>\n<p><a href=\"https:\/\/twitter.com\/arap_ajans\">Twitter Hesab\u0131m\u0131z<\/a><\/p>\n<p style=\"text-align: center;\"><iframe loading=\"lazy\" title=\"\u0642\u0648\u0627\u062a\u0646\u0627 \u0627\u0644\u0645\u0633\u0644\u062d\u0629 \u062a\u0633\u062a\u0647\u062f\u0641 \u0645\u0642\u0631\u0627\u062a \u0627\u0644\u0625\u0631\u0647\u0627\u0628\u064a\u064a\u0646 \u0641\u064a \u0623\u0631\u064a\u0627\u0641 \u062d\u0644\u0628 \u0648\u0627\u0644\u0644\u0627\u0630\u0642\u064a\u0629 \u0648\u062d\u0645\u0627\u0629\" src=\"https:\/\/www.youtube.com\/embed\/I8kvjYqLaBg\" width=\"620\" height=\"348\" frameborder=\"0\" allowfullscreen=\"allowfullscreen\"><\/iframe><\/p>\n","protected":false},"excerpt":{"rendered":"<p>\u015eAM 23 A\u011fustos (SANA) &#8211; Suriye Arap Ordusu birlikleri, Rus Hava Kuvvetleri ile i\u015fbirli\u011fi i\u00e7inde Halep, Lazkiye ve Hama k\u0131rsal\u0131ndaki ter\u00f6r karargahlar\u0131n\u0131 hedef alan \u00e7ok say\u0131da yo\u011fun hava ve top\u00e7u sald\u0131r\u0131s\u0131 d\u00fczenledi. Savunma Bakanl\u0131\u011f\u0131 Facebook sayfas\u0131nda, &#8221;Ter\u00f6r \u00f6rg\u00fctlerinin Halep, Lazkiye ve Hama k\u0131rsal\u0131ndaki g\u00fcvenli k\u00f6y ve kasabalara y\u00f6nelik defalarca d\u00fczenledi\u011fi sald\u0131r\u0131lara yan\u0131t olarak Ayn\u0131 do\u011frultuda &hellip;<\/p>\n","protected":false},"author":36,"featured_media":286877,"comment_status":"closed","ping_status":"closed","sticky":false,"template":"","format":"standard","meta":{"footnotes":""},"categories":[479,575,17988,478],"tags":[],"class_list":["post-286876","post","type-post","status-publish","format-standard","has-post-thumbnail","","category-haberler-yerel","category-olaylar-ve-gercekler","category-son-haberler","category-yerel"],"_links":{"self":[{"href":"https:\/\/archive.sana.sy\/tr\/index.php?rest_route=\/wp\/v2\/posts\/286876","targetHints":{"allow":["GET"]}}],"collection":[{"href":"https:\/\/archive.sana.sy\/tr\/index.php?rest_route=\/wp\/v2\/posts"}],"about":[{"href":"https:\/\/archive.sana.sy\/tr\/index.php?rest_route=\/wp\/v2\/types\/post"}],"author":[{"embeddable":true,"href":"https:\/\/archive.sana.sy\/tr\/index.php?rest_route=\/wp\/v2\/users\/36"}],"replies":[{"embeddable":true,"href":"https:\/\/archive.sana.sy\/tr\/index.php?rest_route=%2Fwp%2Fv2%2Fcomments&post=286876"}],"version-history":[{"count":1,"href":"https:\/\/archive.sana.sy\/tr\/index.php?rest_route=\/wp\/v2\/posts\/286876\/revisions"}],"predecessor-version":[{"id":286878,"href":"https:\/\/archive.sana.sy\/tr\/index.php?rest_route=\/wp\/v2\/posts\/286876\/revisions\/286878"}],"wp:featuredmedia":[{"embeddable":true,"href":"https:\/\/archive.sana.sy\/tr\/index.php?rest_route=\/wp\/v2\/media\/286877"}],"wp:attachment":[{"href":"https:\/\/archive.sana.sy\/tr\/index.php?rest_route=%2Fwp%2Fv2%2Fmedia&parent=286876"}],"wp:term":[{"taxonomy":"category","embeddable":true,"href":"https:\/\/archive.sana.sy\/tr\/index.php?rest_route=%2Fwp%2Fv2%2Fcategories&post=286876"},{"taxonomy":"post_tag","embeddable":true,"href":"https:\/\/archive.sana.sy\/tr\/index.php?rest_route=%2Fwp%2Fv2%2Ftags&post=286876"}],"curies":[{"name":"wp","href":"https:\/\/api.w.org\/{rel}","templated":true}]}}