{"id":286911,"date":"2023-08-24T23:10:49","date_gmt":"2023-08-24T20:10:49","guid":{"rendered":"http:\/\/sana.sy\/tr\/?p=286911"},"modified":"2023-08-26T10:20:55","modified_gmt":"2023-08-26T07:20:55","slug":"cumhurbaskani-esad-doktorlara-yuzde-100-calisma-mahiyetinde-tazminat-veren-bir-kararname-cikardi","status":"publish","type":"post","link":"https:\/\/archive.sana.sy\/tr\/?p=286911","title":{"rendered":"Cumhurba\u015fkan\u0131 Esad, Doktorlara Y\u00fczde 100 \u00c7al\u0131\u015fma Mahiyetinde Tazminat Veren Bir Kararname \u00c7\u0131kard\u0131"},"content":{"rendered":"<p><strong>\u015eAM<\/strong> <strong>24 A\u011fustos (SANA) <\/strong>&#8211; Cumhurba\u015fkan\u0131 Be\u015f\u015far Esad, hastanelerde ve sa\u011fl\u0131k merkezlerinde \u00e7al\u0131\u015fan veya s\u00f6zle\u015fmeli olarak \u00e7al\u0131\u015fan doktorlara y\u00fczde 100 \u00e7al\u0131\u015fma mahiyetinde tazminat veren 2023 y\u0131l\u0131 21 Say\u0131l\u0131 Kanun H\u00fckm\u00fcnde Kararname&#8217;yi yay\u0131nlad\u0131.<\/p>\n<p style=\"text-align: justify;\"><a href=\"https:\/\/t.me\/SuriyeArapHaberAjansI\">Telegram Kanal\u0131m\u0131z\u00a0<\/a><\/p>\n<p style=\"text-align: justify;\"><a href=\"https:\/\/www.facebook.com\/SANAHaberAjansi\/\">Facebook Sayfam\u0131z<\/a><\/p>\n<p style=\"text-align: justify;\"><a href=\"https:\/\/twitter.com\/arap_ajans\">Twitter Hesab\u0131m\u0131z<\/a><\/p>\n","protected":false},"excerpt":{"rendered":"<p>\u015eAM 24 A\u011fustos (SANA) &#8211; Cumhurba\u015fkan\u0131 Be\u015f\u015far Esad, hastanelerde ve sa\u011fl\u0131k merkezlerinde \u00e7al\u0131\u015fan veya s\u00f6zle\u015fmeli olarak \u00e7al\u0131\u015fan doktorlara y\u00fczde 100 \u00e7al\u0131\u015fma mahiyetinde tazminat veren 2023 y\u0131l\u0131 21 Say\u0131l\u0131 Kanun H\u00fckm\u00fcnde Kararname&#8217;yi yay\u0131nlad\u0131. Telegram Kanal\u0131m\u0131z\u00a0 Facebook Sayfam\u0131z Twitter Hesab\u0131m\u0131z<\/p>\n","protected":false},"author":36,"featured_media":286912,"comment_status":"closed","ping_status":"closed","sticky":false,"template":"","format":"standard","meta":{"footnotes":""},"categories":[605,17988,612,599],"tags":[],"class_list":["post-286911","post","type-post","status-publish","format-standard","has-post-thumbnail","","category-sayin-cumhurbaskani","category-son-haberler","category-yasama-kararnameler","category-yasama-ve-kanunlar"],"_links":{"self":[{"href":"https:\/\/archive.sana.sy\/tr\/index.php?rest_route=\/wp\/v2\/posts\/286911","targetHints":{"allow":["GET"]}}],"collection":[{"href":"https:\/\/archive.sana.sy\/tr\/index.php?rest_route=\/wp\/v2\/posts"}],"about":[{"href":"https:\/\/archive.sana.sy\/tr\/index.php?rest_route=\/wp\/v2\/types\/post"}],"author":[{"embeddable":true,"href":"https:\/\/archive.sana.sy\/tr\/index.php?rest_route=\/wp\/v2\/users\/36"}],"replies":[{"embeddable":true,"href":"https:\/\/archive.sana.sy\/tr\/index.php?rest_route=%2Fwp%2Fv2%2Fcomments&post=286911"}],"version-history":[{"count":1,"href":"https:\/\/archive.sana.sy\/tr\/index.php?rest_route=\/wp\/v2\/posts\/286911\/revisions"}],"predecessor-version":[{"id":286913,"href":"https:\/\/archive.sana.sy\/tr\/index.php?rest_route=\/wp\/v2\/posts\/286911\/revisions\/286913"}],"wp:featuredmedia":[{"embeddable":true,"href":"https:\/\/archive.sana.sy\/tr\/index.php?rest_route=\/wp\/v2\/media\/286912"}],"wp:attachment":[{"href":"https:\/\/archive.sana.sy\/tr\/index.php?rest_route=%2Fwp%2Fv2%2Fmedia&parent=286911"}],"wp:term":[{"taxonomy":"category","embeddable":true,"href":"https:\/\/archive.sana.sy\/tr\/index.php?rest_route=%2Fwp%2Fv2%2Fcategories&post=286911"},{"taxonomy":"post_tag","embeddable":true,"href":"https:\/\/archive.sana.sy\/tr\/index.php?rest_route=%2Fwp%2Fv2%2Ftags&post=286911"}],"curies":[{"name":"wp","href":"https:\/\/api.w.org\/{rel}","templated":true}]}}