{"id":286914,"date":"2023-08-24T22:13:42","date_gmt":"2023-08-24T19:13:42","guid":{"rendered":"http:\/\/sana.sy\/tr\/?p=286914"},"modified":"2023-08-26T10:21:00","modified_gmt":"2023-08-26T07:21:00","slug":"cumhurbaskani-esad-milli-egitim-mmurlarina-ortalama-maasini-degistiren-kararnameyi-yayinladi","status":"publish","type":"post","link":"https:\/\/archive.sana.sy\/tr\/?p=286914","title":{"rendered":"Cumhurba\u015fkan\u0131 Esad, \u00d6\u011fretim \u00dcyeleri ve Teknik Personeline Ortalama Maa\u015f\u0131n\u0131 De\u011fi\u015ftiren Kararname&#8217;yi Yay\u0131nlad\u0131"},"content":{"rendered":"<p><strong>\u015eAM<\/strong>\u00a0<strong>24 A\u011fustos (SANA) <\/strong>&#8211; Cumhurba\u015fkan\u0131 Be\u015f\u015far Esad, \u00f6\u011fretim \u00fcyeleri ve teknik personel i\u00e7in ortalama maa\u015f y\u00fczdesini de\u011fi\u015ftiren 2023 y\u0131l\u0131 20 Say\u0131l\u0131 Kanun H\u00fckm\u00fcnde Kararname&#8217;yi yay\u0131nlad\u0131.<\/p>\n<p><a href=\"https:\/\/t.me\/SuriyeArapHaberAjansI\">Telegram Kanal\u0131m\u0131z\u00a0<\/a><\/p>\n<p><a href=\"https:\/\/www.facebook.com\/SANAHaberAjansi\/\">Facebook Sayfam\u0131z<\/a><\/p>\n<p><a href=\"https:\/\/twitter.com\/arap_ajans\">Twitter Hesab\u0131m\u0131z<\/a><\/p>\n<p>&nbsp;<\/p>\n","protected":false},"excerpt":{"rendered":"<p>\u015eAM\u00a024 A\u011fustos (SANA) &#8211; Cumhurba\u015fkan\u0131 Be\u015f\u015far Esad, \u00f6\u011fretim \u00fcyeleri ve teknik personel i\u00e7in ortalama maa\u015f y\u00fczdesini de\u011fi\u015ftiren 2023 y\u0131l\u0131 20 Say\u0131l\u0131 Kanun H\u00fckm\u00fcnde Kararname&#8217;yi yay\u0131nlad\u0131. Telegram Kanal\u0131m\u0131z\u00a0 Facebook Sayfam\u0131z Twitter Hesab\u0131m\u0131z &nbsp;<\/p>\n","protected":false},"author":36,"featured_media":286915,"comment_status":"closed","ping_status":"closed","sticky":false,"template":"","format":"standard","meta":{"footnotes":""},"categories":[605,17988,612,599],"tags":[],"class_list":["post-286914","post","type-post","status-publish","format-standard","has-post-thumbnail","","category-sayin-cumhurbaskani","category-son-haberler","category-yasama-kararnameler","category-yasama-ve-kanunlar"],"_links":{"self":[{"href":"https:\/\/archive.sana.sy\/tr\/index.php?rest_route=\/wp\/v2\/posts\/286914","targetHints":{"allow":["GET"]}}],"collection":[{"href":"https:\/\/archive.sana.sy\/tr\/index.php?rest_route=\/wp\/v2\/posts"}],"about":[{"href":"https:\/\/archive.sana.sy\/tr\/index.php?rest_route=\/wp\/v2\/types\/post"}],"author":[{"embeddable":true,"href":"https:\/\/archive.sana.sy\/tr\/index.php?rest_route=\/wp\/v2\/users\/36"}],"replies":[{"embeddable":true,"href":"https:\/\/archive.sana.sy\/tr\/index.php?rest_route=%2Fwp%2Fv2%2Fcomments&post=286914"}],"version-history":[{"count":2,"href":"https:\/\/archive.sana.sy\/tr\/index.php?rest_route=\/wp\/v2\/posts\/286914\/revisions"}],"predecessor-version":[{"id":286918,"href":"https:\/\/archive.sana.sy\/tr\/index.php?rest_route=\/wp\/v2\/posts\/286914\/revisions\/286918"}],"wp:featuredmedia":[{"embeddable":true,"href":"https:\/\/archive.sana.sy\/tr\/index.php?rest_route=\/wp\/v2\/media\/286915"}],"wp:attachment":[{"href":"https:\/\/archive.sana.sy\/tr\/index.php?rest_route=%2Fwp%2Fv2%2Fmedia&parent=286914"}],"wp:term":[{"taxonomy":"category","embeddable":true,"href":"https:\/\/archive.sana.sy\/tr\/index.php?rest_route=%2Fwp%2Fv2%2Fcategories&post=286914"},{"taxonomy":"post_tag","embeddable":true,"href":"https:\/\/archive.sana.sy\/tr\/index.php?rest_route=%2Fwp%2Fv2%2Ftags&post=286914"}],"curies":[{"name":"wp","href":"https:\/\/api.w.org\/{rel}","templated":true}]}}