{"id":28692,"date":"2015-04-06T09:24:01","date_gmt":"2015-04-06T06:24:01","guid":{"rendered":"http:\/\/www.sana.sy\/tr\/?p=28692"},"modified":"2015-04-06T14:52:20","modified_gmt":"2015-04-06T11:52:20","slug":"al-suud-rejim-ucaklarinin-yemene-hava-bombardimanlarinda-kurbanlarin-sayisi-artiyor","status":"publish","type":"post","link":"https:\/\/archive.sana.sy\/tr\/?p=28692","title":{"rendered":"\u00c2l Suud ve M\u00fcttefikleri G\u0131da Konvoyunu Bombalad\u0131"},"content":{"rendered":"<p>SANA \u2013 Suudi Arabistan krall\u0131k rejimi ve m\u00fcttefiklerine tabi sava\u015f u\u00e7aklar\u0131 Yemen\u2019de muhtelif b\u00f6lgelere y\u00f6nelik bombard\u0131manlar\u0131n\u0131 s\u00fcrd\u00fcrerek kamu kurumlar\u0131, ekonomik tesis ve limanlar\u0131 hedef ald\u0131.<\/p>\n<p>Ba\u015fkent Sana&#8217;da t\u0131bbi bir kaynak, \u00c2l Suud rejimine ait sava\u015f u\u00e7aklar\u0131n\u0131n Beni Matar Nahiyesinin Bahman \u015eihab K\u00f6y\u00fcn\u00fc hedef almalar\u0131 sonucunda ayn\u0131 aileden 3 \u00e7ocu\u011fun yaraland\u0131\u011f\u0131n\u0131 s\u00f6yledi.\u00a0Kaynak, ya\u015flar\u0131 3-13 aras\u0131nda de\u011fi\u015fen \u00e7ocuklar\u0131n ilk tedavilerinin bir sa\u011fl\u0131k merkezinde yap\u0131ld\u0131\u011f\u0131n\u0131 s\u00f6yledi.<\/p>\n<p>D\u00fcn de gecenin ilerleyen saatlerinde \u00c2l Suud rejimi ve m\u00fcttefiklerine ait sava\u015f u\u00e7aklar\u0131 Hdeyda B\u00f6lgesinde g\u0131da maddeleri ta\u015f\u0131yan t\u0131r ara\u00e7lar\u0131n\u0131 hedef ald\u0131. Hava bombard\u0131manlar\u0131 sonucunda 3 ki\u015fi \u00f6ld\u00fc, 9 ki\u015fi de yaraland\u0131.<\/p>\n<div id='gallery-1' class='gallery galleryid-28692 gallery-columns-3 gallery-size-thumbnail'><figure class='gallery-item'>\n\t\t\t<div class='gallery-icon landscape'>\n\t\t\t\t<a href='https:\/\/archive.sana.sy\/tr\/wp-content\/uploads\/2015\/04\/\u0627\u0633\u062a\u0634\u0647\u0627\u062f-\u062b\u0644\u0627\u062b\u0629-\u0645\u0648\u0627\u0637\u0646\u064a\u0646-\u0648\u0625\u0635\u0627\u0628\u0629-\u062a\u0633\u0639\u0629-\u0622\u062e\u0631\u064a\u0646-\u0641\u064a-\u0642\u0635\u0641-\u0639\u0644\u0649-\u0642\u0627\u0637\u0631\u0627\u062a-\u0645\u0648\u0627\u062f-\u063a\u0630\u0627\u0626\u064a\u0629-\u0628\u0645\u062d\u0627\u0641\u0638\u0629-\u0627\u0644\u062d\u062f\u064a\u062f\u0629-\u063a\u0631\u0628-\u0627\u0644\u064a\u0645\u0646.jpg'><img loading=\"lazy\" decoding=\"async\" width=\"150\" height=\"113\" src=\"https:\/\/archive.sana.sy\/tr\/wp-content\/uploads\/2015\/04\/\u0627\u0633\u062a\u0634\u0647\u0627\u062f-\u062b\u0644\u0627\u062b\u0629-\u0645\u0648\u0627\u0637\u0646\u064a\u0646-\u0648\u0625\u0635\u0627\u0628\u0629-\u062a\u0633\u0639\u0629-\u0622\u062e\u0631\u064a\u0646-\u0641\u064a-\u0642\u0635\u0641-\u0639\u0644\u0649-\u0642\u0627\u0637\u0631\u0627\u062a-\u0645\u0648\u0627\u062f-\u063a\u0630\u0627\u0626\u064a\u0629-\u0628\u0645\u062d\u0627\u0641\u0638\u0629-\u0627\u0644\u062d\u062f\u064a\u062f\u0629-\u063a\u0631\u0628-\u0627\u0644\u064a\u0645\u0646-150x113.jpg\" class=\"attachment-thumbnail size-thumbnail\" alt=\"\" srcset=\"https:\/\/archive.sana.sy\/tr\/wp-content\/uploads\/2015\/04\/\u0627\u0633\u062a\u0634\u0647\u0627\u062f-\u062b\u0644\u0627\u062b\u0629-\u0645\u0648\u0627\u0637\u0646\u064a\u0646-\u0648\u0625\u0635\u0627\u0628\u0629-\u062a\u0633\u0639\u0629-\u0622\u062e\u0631\u064a\u0646-\u0641\u064a-\u0642\u0635\u0641-\u0639\u0644\u0649-\u0642\u0627\u0637\u0631\u0627\u062a-\u0645\u0648\u0627\u062f-\u063a\u0630\u0627\u0626\u064a\u0629-\u0628\u0645\u062d\u0627\u0641\u0638\u0629-\u0627\u0644\u062d\u062f\u064a\u062f\u0629-\u063a\u0631\u0628-\u0627\u0644\u064a\u0645\u0646-150x113.jpg 150w, https:\/\/archive.sana.sy\/tr\/wp-content\/uploads\/2015\/04\/\u0627\u0633\u062a\u0634\u0647\u0627\u062f-\u062b\u0644\u0627\u062b\u0629-\u0645\u0648\u0627\u0637\u0646\u064a\u0646-\u0648\u0625\u0635\u0627\u0628\u0629-\u062a\u0633\u0639\u0629-\u0622\u062e\u0631\u064a\u0646-\u0641\u064a-\u0642\u0635\u0641-\u0639\u0644\u0649-\u0642\u0627\u0637\u0631\u0627\u062a-\u0645\u0648\u0627\u062f-\u063a\u0630\u0627\u0626\u064a\u0629-\u0628\u0645\u062d\u0627\u0641\u0638\u0629-\u0627\u0644\u062d\u062f\u064a\u062f\u0629-\u063a\u0631\u0628-\u0627\u0644\u064a\u0645\u0646-300x225.jpg 300w, https:\/\/archive.sana.sy\/tr\/wp-content\/uploads\/2015\/04\/\u0627\u0633\u062a\u0634\u0647\u0627\u062f-\u062b\u0644\u0627\u062b\u0629-\u0645\u0648\u0627\u0637\u0646\u064a\u0646-\u0648\u0625\u0635\u0627\u0628\u0629-\u062a\u0633\u0639\u0629-\u0622\u062e\u0631\u064a\u0646-\u0641\u064a-\u0642\u0635\u0641-\u0639\u0644\u0649-\u0642\u0627\u0637\u0631\u0627\u062a-\u0645\u0648\u0627\u062f-\u063a\u0630\u0627\u0626\u064a\u0629-\u0628\u0645\u062d\u0627\u0641\u0638\u0629-\u0627\u0644\u062d\u062f\u064a\u062f\u0629-\u063a\u0631\u0628-\u0627\u0644\u064a\u0645\u0646-1024x768.jpg 1024w\" sizes=\"auto, (max-width: 150px) 100vw, 150px\" \/><\/a>\n\t\t\t<\/div><\/figure><figure class='gallery-item'>\n\t\t\t<div class='gallery-icon landscape'>\n\t\t\t\t<a href='https:\/\/archive.sana.sy\/tr\/wp-content\/uploads\/2015\/04\/\u0627\u0633\u062a\u0634\u0647\u0627\u062f-\u062b\u0644\u0627\u062b\u0629-\u0645\u0648\u0627\u0637\u0646\u064a\u0646-\u0648\u0625\u0635\u0627\u0628\u0629-\u062a\u0633\u0639\u0629-\u0622\u062e\u0631\u064a\u0646-\u0641\u064a-\u0642\u0635\u0641-\u0639\u0644\u0649-\u0642\u0627\u0637\u0631\u0627\u062a-\u0645\u0648\u0627\u062f-\u063a\u0630\u0627\u0626\u064a\u0629-\u0628\u0645\u062d\u0627\u0641\u0638\u0629-\u0627\u0644\u062d\u062f\u064a\u062f\u0629-\u063a\u0631\u0628-\u0627\u0644\u064a\u0645\u06462.jpg'><img loading=\"lazy\" decoding=\"async\" width=\"150\" height=\"113\" src=\"https:\/\/archive.sana.sy\/tr\/wp-content\/uploads\/2015\/04\/\u0627\u0633\u062a\u0634\u0647\u0627\u062f-\u062b\u0644\u0627\u062b\u0629-\u0645\u0648\u0627\u0637\u0646\u064a\u0646-\u0648\u0625\u0635\u0627\u0628\u0629-\u062a\u0633\u0639\u0629-\u0622\u062e\u0631\u064a\u0646-\u0641\u064a-\u0642\u0635\u0641-\u0639\u0644\u0649-\u0642\u0627\u0637\u0631\u0627\u062a-\u0645\u0648\u0627\u062f-\u063a\u0630\u0627\u0626\u064a\u0629-\u0628\u0645\u062d\u0627\u0641\u0638\u0629-\u0627\u0644\u062d\u062f\u064a\u062f\u0629-\u063a\u0631\u0628-\u0627\u0644\u064a\u0645\u06462-150x113.jpg\" class=\"attachment-thumbnail size-thumbnail\" alt=\"\" srcset=\"https:\/\/archive.sana.sy\/tr\/wp-content\/uploads\/2015\/04\/\u0627\u0633\u062a\u0634\u0647\u0627\u062f-\u062b\u0644\u0627\u062b\u0629-\u0645\u0648\u0627\u0637\u0646\u064a\u0646-\u0648\u0625\u0635\u0627\u0628\u0629-\u062a\u0633\u0639\u0629-\u0622\u062e\u0631\u064a\u0646-\u0641\u064a-\u0642\u0635\u0641-\u0639\u0644\u0649-\u0642\u0627\u0637\u0631\u0627\u062a-\u0645\u0648\u0627\u062f-\u063a\u0630\u0627\u0626\u064a\u0629-\u0628\u0645\u062d\u0627\u0641\u0638\u0629-\u0627\u0644\u062d\u062f\u064a\u062f\u0629-\u063a\u0631\u0628-\u0627\u0644\u064a\u0645\u06462-150x113.jpg 150w, https:\/\/archive.sana.sy\/tr\/wp-content\/uploads\/2015\/04\/\u0627\u0633\u062a\u0634\u0647\u0627\u062f-\u062b\u0644\u0627\u062b\u0629-\u0645\u0648\u0627\u0637\u0646\u064a\u0646-\u0648\u0625\u0635\u0627\u0628\u0629-\u062a\u0633\u0639\u0629-\u0622\u062e\u0631\u064a\u0646-\u0641\u064a-\u0642\u0635\u0641-\u0639\u0644\u0649-\u0642\u0627\u0637\u0631\u0627\u062a-\u0645\u0648\u0627\u062f-\u063a\u0630\u0627\u0626\u064a\u0629-\u0628\u0645\u062d\u0627\u0641\u0638\u0629-\u0627\u0644\u062d\u062f\u064a\u062f\u0629-\u063a\u0631\u0628-\u0627\u0644\u064a\u0645\u06462-300x225.jpg 300w, https:\/\/archive.sana.sy\/tr\/wp-content\/uploads\/2015\/04\/\u0627\u0633\u062a\u0634\u0647\u0627\u062f-\u062b\u0644\u0627\u062b\u0629-\u0645\u0648\u0627\u0637\u0646\u064a\u0646-\u0648\u0625\u0635\u0627\u0628\u0629-\u062a\u0633\u0639\u0629-\u0622\u062e\u0631\u064a\u0646-\u0641\u064a-\u0642\u0635\u0641-\u0639\u0644\u0649-\u0642\u0627\u0637\u0631\u0627\u062a-\u0645\u0648\u0627\u062f-\u063a\u0630\u0627\u0626\u064a\u0629-\u0628\u0645\u062d\u0627\u0641\u0638\u0629-\u0627\u0644\u062d\u062f\u064a\u062f\u0629-\u063a\u0631\u0628-\u0627\u0644\u064a\u0645\u06462-1024x768.jpg 1024w\" sizes=\"auto, (max-width: 150px) 100vw, 150px\" \/><\/a>\n\t\t\t<\/div><\/figure><figure class='gallery-item'>\n\t\t\t<div class='gallery-icon landscape'>\n\t\t\t\t<a href='https:\/\/archive.sana.sy\/tr\/wp-content\/uploads\/2015\/04\/\u0627\u0633\u062a\u0634\u0647\u0627\u062f-\u062b\u0644\u0627\u062b\u0629-\u0645\u0648\u0627\u0637\u0646\u064a\u0646-\u0648\u0625\u0635\u0627\u0628\u0629-\u062a\u0633\u0639\u0629-\u0622\u062e\u0631\u064a\u0646-\u0641\u064a-\u0642\u0635\u0641-\u0639\u0644\u0649-\u0642\u0627\u0637\u0631\u0627\u062a-\u0645\u0648\u0627\u062f-\u063a\u0630\u0627\u0626\u064a\u0629-\u0628\u0645\u062d\u0627\u0641\u0638\u0629-\u0627\u0644\u062d\u062f\u064a\u062f\u0629-\u063a\u0631\u0628-\u0627\u0644\u064a\u0645\u06464.jpg'><img loading=\"lazy\" decoding=\"async\" width=\"150\" height=\"113\" src=\"https:\/\/archive.sana.sy\/tr\/wp-content\/uploads\/2015\/04\/\u0627\u0633\u062a\u0634\u0647\u0627\u062f-\u062b\u0644\u0627\u062b\u0629-\u0645\u0648\u0627\u0637\u0646\u064a\u0646-\u0648\u0625\u0635\u0627\u0628\u0629-\u062a\u0633\u0639\u0629-\u0622\u062e\u0631\u064a\u0646-\u0641\u064a-\u0642\u0635\u0641-\u0639\u0644\u0649-\u0642\u0627\u0637\u0631\u0627\u062a-\u0645\u0648\u0627\u062f-\u063a\u0630\u0627\u0626\u064a\u0629-\u0628\u0645\u062d\u0627\u0641\u0638\u0629-\u0627\u0644\u062d\u062f\u064a\u062f\u0629-\u063a\u0631\u0628-\u0627\u0644\u064a\u0645\u06464-150x113.jpg\" class=\"attachment-thumbnail size-thumbnail\" alt=\"\" srcset=\"https:\/\/archive.sana.sy\/tr\/wp-content\/uploads\/2015\/04\/\u0627\u0633\u062a\u0634\u0647\u0627\u062f-\u062b\u0644\u0627\u062b\u0629-\u0645\u0648\u0627\u0637\u0646\u064a\u0646-\u0648\u0625\u0635\u0627\u0628\u0629-\u062a\u0633\u0639\u0629-\u0622\u062e\u0631\u064a\u0646-\u0641\u064a-\u0642\u0635\u0641-\u0639\u0644\u0649-\u0642\u0627\u0637\u0631\u0627\u062a-\u0645\u0648\u0627\u062f-\u063a\u0630\u0627\u0626\u064a\u0629-\u0628\u0645\u062d\u0627\u0641\u0638\u0629-\u0627\u0644\u062d\u062f\u064a\u062f\u0629-\u063a\u0631\u0628-\u0627\u0644\u064a\u0645\u06464-150x113.jpg 150w, https:\/\/archive.sana.sy\/tr\/wp-content\/uploads\/2015\/04\/\u0627\u0633\u062a\u0634\u0647\u0627\u062f-\u062b\u0644\u0627\u062b\u0629-\u0645\u0648\u0627\u0637\u0646\u064a\u0646-\u0648\u0625\u0635\u0627\u0628\u0629-\u062a\u0633\u0639\u0629-\u0622\u062e\u0631\u064a\u0646-\u0641\u064a-\u0642\u0635\u0641-\u0639\u0644\u0649-\u0642\u0627\u0637\u0631\u0627\u062a-\u0645\u0648\u0627\u062f-\u063a\u0630\u0627\u0626\u064a\u0629-\u0628\u0645\u062d\u0627\u0641\u0638\u0629-\u0627\u0644\u062d\u062f\u064a\u062f\u0629-\u063a\u0631\u0628-\u0627\u0644\u064a\u0645\u06464-300x225.jpg 300w, https:\/\/archive.sana.sy\/tr\/wp-content\/uploads\/2015\/04\/\u0627\u0633\u062a\u0634\u0647\u0627\u062f-\u062b\u0644\u0627\u062b\u0629-\u0645\u0648\u0627\u0637\u0646\u064a\u0646-\u0648\u0625\u0635\u0627\u0628\u0629-\u062a\u0633\u0639\u0629-\u0622\u062e\u0631\u064a\u0646-\u0641\u064a-\u0642\u0635\u0641-\u0639\u0644\u0649-\u0642\u0627\u0637\u0631\u0627\u062a-\u0645\u0648\u0627\u062f-\u063a\u0630\u0627\u0626\u064a\u0629-\u0628\u0645\u062d\u0627\u0641\u0638\u0629-\u0627\u0644\u062d\u062f\u064a\u062f\u0629-\u063a\u0631\u0628-\u0627\u0644\u064a\u0645\u06464-1024x768.jpg 1024w\" sizes=\"auto, (max-width: 150px) 100vw, 150px\" \/><\/a>\n\t\t\t<\/div><\/figure>\n\t\t<\/div>\n\n<p>Bu arada Yemen Askeri kayna\u011f\u0131, \u00c2l Suud ve koalisyon u\u00e7aklar\u0131n\u0131n Yemen&#8217;in bat\u0131s\u0131ndaki Hdeyde Kenti, el Kesib b\u00f6lgesindeki el Salif Liman\u0131, Hdeyde Havaliman\u0131 ve bir askeri mevkileri hava bombard\u0131manlar\u0131yla hedef ald\u0131klar\u0131n\u0131 aktard\u0131. Kaynak Yemen hava savunma g\u00fc\u00e7lerinin s\u00f6z konusu u\u00e7aklara kar\u015f\u0131l\u0131k verdi\u011fini s\u00f6yledi.<\/p>\n<p>Suudi u\u00e7aklar\u0131 ayr\u0131ca Yemen\u2019in g\u00fcneyindeki Aden iline y\u00f6nelik hava bombard\u0131manlar\u0131 d\u00fczenledi. Khor Mekser kentindeki al\u0131\u015fveri\u015f merkezini hedef almas\u0131 sonucunda b\u00fcy\u00fck bir yang\u0131n \u00e7\u0131kt\u0131\u011f\u0131 ve i\u00e7indeki b\u00fct\u00fcn muhtevalar\u0131n telef oldu\u011fu bildirildi.<\/p>\n<p>Kendi y\u00f6n\u00fcnden Saada kentinde yerel bir kaynak, Suudili u\u00e7aklar\u0131n Yemen&#8217;in kuzeyine d\u00fc\u015fen kent dahilindeki s\u0131n\u0131r b\u00f6lgeleri hedef ald\u0131klar\u0131n\u0131 s\u00f6yledi.<\/p>\n<p>Bu arada, g\u00f6revinden istifa eden Ba\u015fkan Abd Rabbo Hadi Mansur\u2019a tabi komitelerden 4 silahl\u0131n\u0131n Suudili u\u00e7aklar\u0131n d\u00fcn ak\u015fam Yemen ortalar\u0131nda ki el Dalee kentinde bir ka\u00e7 mevkii hedef alan bombard\u0131man\u0131 sonucunda yaraland\u0131.<\/p>\n<p>Yerel kaynaklar, Suudili u\u00e7aklar\u0131n kentin g\u00fcneyindeki Habil Cibari Semtinde konu\u015flanan el Hadi taraftar\u0131 komitelere tabi mevki ve tanklar\u0131 hata ile hedef ald\u0131klar\u0131n\u0131 belirtti.<\/p>\n<p>A.A. &#8211; S.\u015e. &#8211; R.H.<\/p>\n","protected":false},"excerpt":{"rendered":"<p>SANA \u2013 Suudi Arabistan krall\u0131k rejimi ve m\u00fcttefiklerine tabi sava\u015f u\u00e7aklar\u0131 Yemen\u2019de muhtelif b\u00f6lgelere y\u00f6nelik bombard\u0131manlar\u0131n\u0131 s\u00fcrd\u00fcrerek kamu kurumlar\u0131, ekonomik tesis ve limanlar\u0131 hedef ald\u0131. Ba\u015fkent Sana&#8217;da t\u0131bbi bir kaynak, \u00c2l Suud rejimine ait sava\u015f u\u00e7aklar\u0131n\u0131n Beni Matar Nahiyesinin Bahman \u015eihab K\u00f6y\u00fcn\u00fc hedef almalar\u0131 sonucunda ayn\u0131 aileden 3 \u00e7ocu\u011fun yaraland\u0131\u011f\u0131n\u0131 s\u00f6yledi.\u00a0Kaynak, ya\u015flar\u0131 3-13 aras\u0131nda de\u011fi\u015fen &hellip;<\/p>\n","protected":false},"author":1,"featured_media":28693,"comment_status":"closed","ping_status":"closed","sticky":false,"template":"","format":"standard","meta":{"footnotes":""},"categories":[458,459,447],"tags":[13285,13286,13287],"class_list":["post-28692","post","type-post","status-publish","format-standard","has-post-thumbnail","","category-dunya1","category-haberler-arap-uluslararasi-politika","category-politika","tag-al-suud-rejim-ucaklarinin-yemene-hava-bombardimanlarinda-kurbanlarin-sayisi-artiyor-sanaa-suudili-ucaklar-yemende-muhtelif-bolgelere-yonelik-bombardimanlarini-surdurdu","tag-bazi-kamu-kurum","tag-ekonomik-tesis-ve-limanlari-hedef-aldi"],"_links":{"self":[{"href":"https:\/\/archive.sana.sy\/tr\/index.php?rest_route=\/wp\/v2\/posts\/28692","targetHints":{"allow":["GET"]}}],"collection":[{"href":"https:\/\/archive.sana.sy\/tr\/index.php?rest_route=\/wp\/v2\/posts"}],"about":[{"href":"https:\/\/archive.sana.sy\/tr\/index.php?rest_route=\/wp\/v2\/types\/post"}],"author":[{"embeddable":true,"href":"https:\/\/archive.sana.sy\/tr\/index.php?rest_route=\/wp\/v2\/users\/1"}],"replies":[{"embeddable":true,"href":"https:\/\/archive.sana.sy\/tr\/index.php?rest_route=%2Fwp%2Fv2%2Fcomments&post=28692"}],"version-history":[{"count":0,"href":"https:\/\/archive.sana.sy\/tr\/index.php?rest_route=\/wp\/v2\/posts\/28692\/revisions"}],"wp:featuredmedia":[{"embeddable":true,"href":"https:\/\/archive.sana.sy\/tr\/index.php?rest_route=\/wp\/v2\/media\/28693"}],"wp:attachment":[{"href":"https:\/\/archive.sana.sy\/tr\/index.php?rest_route=%2Fwp%2Fv2%2Fmedia&parent=28692"}],"wp:term":[{"taxonomy":"category","embeddable":true,"href":"https:\/\/archive.sana.sy\/tr\/index.php?rest_route=%2Fwp%2Fv2%2Fcategories&post=28692"},{"taxonomy":"post_tag","embeddable":true,"href":"https:\/\/archive.sana.sy\/tr\/index.php?rest_route=%2Fwp%2Fv2%2Ftags&post=28692"}],"curies":[{"name":"wp","href":"https:\/\/api.w.org\/{rel}","templated":true}]}}