{"id":286922,"date":"2023-08-25T13:17:50","date_gmt":"2023-08-25T10:17:50","guid":{"rendered":"http:\/\/sana.sy\/tr\/?p=286922"},"modified":"2023-08-28T08:11:25","modified_gmt":"2023-08-28T05:11:25","slug":"savunma-bakanligi-bazi-supheli-web-siteleri-ve-sayfalar-araciligiyla-silahli-kuvvetlerimiz-hakkinda-yaniltici-haberlerin-yayilmasina-karsi-uyarida-bulundu","status":"publish","type":"post","link":"https:\/\/archive.sana.sy\/tr\/?p=286922","title":{"rendered":"Savunma Bakanl\u0131\u011f\u0131, Baz\u0131 \u015e\u00fcpheli Web Siteleri Ve Sayfalar Arac\u0131l\u0131\u011f\u0131yla Silahl\u0131 Kuvvetlerimiz Hakk\u0131nda Yan\u0131lt\u0131c\u0131 Haberlerin Yay\u0131lmas\u0131na Kar\u015f\u0131 Uyar\u0131da Bulundu"},"content":{"rendered":"<p style=\"text-align: justify;\"><strong>\u015eAM<\/strong> <strong>\u00a025 A\u011fustos (SANA) <\/strong>\u2013 Savunma Bakanl\u0131\u011f\u0131, ordu ve silahl\u0131 kuvvetlerle ilgili her t\u00fcrl\u00fc haber, bilgi veya emrin do\u011frudan silahl\u0131 kuvvetlerimize iletildi\u011fini veya yaln\u0131zca bakanl\u0131\u011f\u0131n resmi sayfas\u0131ndaki \u201cFacebook\u201dta yay\u0131nland\u0131\u011f\u0131n\u0131 belirtti.<\/p>\n<p style=\"text-align: justify;\">Bakanl\u0131k, resmi sayfas\u0131nda yay\u0131nlanan a\u00e7\u0131klamas\u0131nda &#8220;baz\u0131 \u015f\u00fcpheli web siteleri ve sayfalar\u0131n, silahl\u0131 kuvvetlerimize ili\u015fkin yalan haberler ve yan\u0131lt\u0131c\u0131 bilgiler yayarak yi\u011fit ordumuzun ve gururlu halk\u0131m\u0131z\u0131n moralini bozmaya ve kaos yaratmaya \u00e7al\u0131\u015ft\u0131\u011f\u0131&#8221; uyar\u0131s\u0131nda bulundu.<\/p>\n<p style=\"text-align: justify;\"><a href=\"https:\/\/t.me\/SuriyeArapHaberAjansI\">Telegram Kanal\u0131m\u0131z\u00a0<\/a><\/p>\n<p style=\"text-align: justify;\"><a href=\"https:\/\/www.facebook.com\/SANAHaberAjansi\/\">Facebook Sayfam\u0131z<\/a><\/p>\n<p style=\"text-align: justify;\"><a href=\"https:\/\/twitter.com\/arap_ajans\">Twitter Hesab\u0131m\u0131z<\/a><\/p>\n<p style=\"text-align: justify;\">\n","protected":false},"excerpt":{"rendered":"<p>\u015eAM \u00a025 A\u011fustos (SANA) \u2013 Savunma Bakanl\u0131\u011f\u0131, ordu ve silahl\u0131 kuvvetlerle ilgili her t\u00fcrl\u00fc haber, bilgi veya emrin do\u011frudan silahl\u0131 kuvvetlerimize iletildi\u011fini veya yaln\u0131zca bakanl\u0131\u011f\u0131n resmi sayfas\u0131ndaki \u201cFacebook\u201dta yay\u0131nland\u0131\u011f\u0131n\u0131 belirtti. Bakanl\u0131k, resmi sayfas\u0131nda yay\u0131nlanan a\u00e7\u0131klamas\u0131nda &#8220;baz\u0131 \u015f\u00fcpheli web siteleri ve sayfalar\u0131n, silahl\u0131 kuvvetlerimize ili\u015fkin yalan haberler ve yan\u0131lt\u0131c\u0131 bilgiler yayarak yi\u011fit ordumuzun ve gururlu halk\u0131m\u0131z\u0131n &hellip;<\/p>\n","protected":false},"author":36,"featured_media":286923,"comment_status":"closed","ping_status":"closed","sticky":false,"template":"","format":"standard","meta":{"footnotes":""},"categories":[479,17988,478],"tags":[19174],"class_list":["post-286922","post","type-post","status-publish","format-standard","has-post-thumbnail","","category-haberler-yerel","category-son-haberler","category-yerel","tag-suriyede-son-durumlar"],"_links":{"self":[{"href":"https:\/\/archive.sana.sy\/tr\/index.php?rest_route=\/wp\/v2\/posts\/286922","targetHints":{"allow":["GET"]}}],"collection":[{"href":"https:\/\/archive.sana.sy\/tr\/index.php?rest_route=\/wp\/v2\/posts"}],"about":[{"href":"https:\/\/archive.sana.sy\/tr\/index.php?rest_route=\/wp\/v2\/types\/post"}],"author":[{"embeddable":true,"href":"https:\/\/archive.sana.sy\/tr\/index.php?rest_route=\/wp\/v2\/users\/36"}],"replies":[{"embeddable":true,"href":"https:\/\/archive.sana.sy\/tr\/index.php?rest_route=%2Fwp%2Fv2%2Fcomments&post=286922"}],"version-history":[{"count":2,"href":"https:\/\/archive.sana.sy\/tr\/index.php?rest_route=\/wp\/v2\/posts\/286922\/revisions"}],"predecessor-version":[{"id":286967,"href":"https:\/\/archive.sana.sy\/tr\/index.php?rest_route=\/wp\/v2\/posts\/286922\/revisions\/286967"}],"wp:featuredmedia":[{"embeddable":true,"href":"https:\/\/archive.sana.sy\/tr\/index.php?rest_route=\/wp\/v2\/media\/286923"}],"wp:attachment":[{"href":"https:\/\/archive.sana.sy\/tr\/index.php?rest_route=%2Fwp%2Fv2%2Fmedia&parent=286922"}],"wp:term":[{"taxonomy":"category","embeddable":true,"href":"https:\/\/archive.sana.sy\/tr\/index.php?rest_route=%2Fwp%2Fv2%2Fcategories&post=286922"},{"taxonomy":"post_tag","embeddable":true,"href":"https:\/\/archive.sana.sy\/tr\/index.php?rest_route=%2Fwp%2Fv2%2Ftags&post=286922"}],"curies":[{"name":"wp","href":"https:\/\/api.w.org\/{rel}","templated":true}]}}