{"id":286928,"date":"2023-08-25T04:00:25","date_gmt":"2023-08-25T01:00:25","guid":{"rendered":"https:\/\/sana.sy\/tr\/?p=286928"},"modified":"2023-08-25T17:55:32","modified_gmt":"2023-08-25T14:55:32","slug":"avrupali-bir-turist-grubu-busra-el-sam-antik-kentini-ziyaret-etti","status":"publish","type":"post","link":"https:\/\/archive.sana.sy\/tr\/?p=286928","title":{"rendered":"Avrupal\u0131 \u200b\u200bBir Turist Grubu Busra El \u015eam Antik Kentini Ziyaret Etti"},"content":{"rendered":"<p style=\"text-align: justify;\"><strong>DERA 25 <\/strong><strong>A\u011fustos (SANA)<\/strong> &#8211; Farkl\u0131 Avrupa uyruklar\u0131ndan bir turist grubu, Dera&#8217;n\u0131n do\u011fu k\u0131rsal\u0131ndaki Busra El \u015eam \u015fehrini ziyaret ederek, buradaki arkeolojik alanlar\u0131 ve tarihi eserleri g\u00f6rd\u00fc.<\/p>\n<p style=\"text-align: justify;\">Tur, antik tiyatro ve kale ile Aziz Sergio ve Bacchus Kilisesi&#8217;ni ziyaret etmeyi i\u00e7erdi.<\/p>\n<p style=\"text-align: justify;\">Almanya&#8217;dan gelen turist Mark, SANA muhabirine yapt\u0131\u011f\u0131 a\u00e7\u0131klamada, g\u00f6rd\u00fcklerinin duyduklar\u0131ndan farkl\u0131 oldu\u011funu do\u011frulayarak, Busra Kalesi&#8217;nin karakteristik \u00f6zelli\u011fi olan binaya ve amfitiyatrosuna hayran kald\u0131\u011f\u0131n\u0131 ve g\u00fczel bir mimari \u00f6rne\u011fi oldu\u011funu ifade etti.<img decoding=\"async\" class=\"alignright\" src=\"http:\/\/sana.sy\/wp-content\/uploads\/2023\/08\/2-3-copy-2-300x203.jpg\" \/><\/p>\n<p style=\"text-align: justify;\">Hollandal\u0131 g\u00f6r\u00fcnt\u00fc y\u00f6netmeni Van Hoeven ise, Busra&#8217;daki antikalar\u0131n de\u011ferini d\u00fcnyaya tan\u0131tmak i\u00e7in modern bir \u015fekilde bir foto\u011fraf kitap\u00e7\u0131\u011f\u0131 tasarlayaca\u011f\u0131n\u0131 belirterek, bunlar\u0131n d\u00fcnyadaki her foto\u011fraf\u00e7\u0131 i\u00e7in bir hazine oldu\u011funu s\u00f6yledi.<\/p>\n<p style=\"text-align: justify;\">Daraa Turizm M\u00fcd\u00fcr\u00fc Yasir El Saadi ise M\u00fcd\u00fcrl\u00fc\u011f\u00fcn yurt i\u00e7inde ve yurt d\u0131\u015f\u0131nda turizmi te\u015fvik etme, turistlerin \u00fclkemizdeki k\u00fclt\u00fcrel de\u011ferler ve arkeolojik alanlarla tan\u0131\u015fmas\u0131 i\u00e7in her t\u00fcrl\u00fc kolayl\u0131\u011f\u0131 sa\u011flama \u00e7abalar\u0131na de\u011finerek, ziyaret\u00e7ilere her t\u00fcrl\u00fc kolayl\u0131\u011f\u0131 sa\u011flamak i\u00e7in turizm sekt\u00f6r\u00fcyle ilgili ki\u015filerle s\u00fcrekli ileti\u015fim halinde oldu\u011funa dikkat \u00e7ekti.<br \/>\n<img loading=\"lazy\" decoding=\"async\" class=\"size-full wp-image-286929 aligncenter\" src=\"http:\/\/sana.sy\/tr\/wp-content\/uploads\/2023\/08\/2-2-copy-6.jpg\" alt=\"\" width=\"660\" height=\"484\" srcset=\"https:\/\/archive.sana.sy\/tr\/wp-content\/uploads\/2023\/08\/2-2-copy-6.jpg 660w, https:\/\/archive.sana.sy\/tr\/wp-content\/uploads\/2023\/08\/2-2-copy-6-300x220.jpg 300w\" sizes=\"auto, (max-width: 660px) 100vw, 660px\" \/><\/p>\n<p><a href=\"https:\/\/t.me\/SuriyeArapHaberAjansI\">Telegram Kanal\u0131m\u0131z\u00a0<\/a><\/p>\n<p><a href=\"https:\/\/www.facebook.com\/SANAHaberAjansi\/\">Facebook Sayfam\u0131z<\/a><\/p>\n<p><a href=\"https:\/\/twitter.com\/arap_ajans\">Twitter Hesab\u0131m\u0131z<\/a><\/p>\n","protected":false},"excerpt":{"rendered":"<p>DERA 25 A\u011fustos (SANA) &#8211; Farkl\u0131 Avrupa uyruklar\u0131ndan bir turist grubu, Dera&#8217;n\u0131n do\u011fu k\u0131rsal\u0131ndaki Busra El \u015eam \u015fehrini ziyaret ederek, buradaki arkeolojik alanlar\u0131 ve tarihi eserleri g\u00f6rd\u00fc. Tur, antik tiyatro ve kale ile Aziz Sergio ve Bacchus Kilisesi&#8217;ni ziyaret etmeyi i\u00e7erdi. Almanya&#8217;dan gelen turist Mark, SANA muhabirine yapt\u0131\u011f\u0131 a\u00e7\u0131klamada, g\u00f6rd\u00fcklerinin duyduklar\u0131ndan farkl\u0131 oldu\u011funu do\u011frulayarak, Busra &hellip;<\/p>\n","protected":false},"author":41,"featured_media":286930,"comment_status":"closed","ping_status":"closed","sticky":false,"template":"","format":"standard","meta":{"footnotes":""},"categories":[479,17988,2553,478],"tags":[39438],"class_list":["post-286928","post","type-post","status-publish","format-standard","has-post-thumbnail","","category-haberler-yerel","category-son-haberler","category-turizm","category-yerel","tag-avrupali-bir-turist-grubu-busra-el-sam-antik-kentini-ziyaret-etti"],"_links":{"self":[{"href":"https:\/\/archive.sana.sy\/tr\/index.php?rest_route=\/wp\/v2\/posts\/286928","targetHints":{"allow":["GET"]}}],"collection":[{"href":"https:\/\/archive.sana.sy\/tr\/index.php?rest_route=\/wp\/v2\/posts"}],"about":[{"href":"https:\/\/archive.sana.sy\/tr\/index.php?rest_route=\/wp\/v2\/types\/post"}],"author":[{"embeddable":true,"href":"https:\/\/archive.sana.sy\/tr\/index.php?rest_route=\/wp\/v2\/users\/41"}],"replies":[{"embeddable":true,"href":"https:\/\/archive.sana.sy\/tr\/index.php?rest_route=%2Fwp%2Fv2%2Fcomments&post=286928"}],"version-history":[{"count":2,"href":"https:\/\/archive.sana.sy\/tr\/index.php?rest_route=\/wp\/v2\/posts\/286928\/revisions"}],"predecessor-version":[{"id":286935,"href":"https:\/\/archive.sana.sy\/tr\/index.php?rest_route=\/wp\/v2\/posts\/286928\/revisions\/286935"}],"wp:featuredmedia":[{"embeddable":true,"href":"https:\/\/archive.sana.sy\/tr\/index.php?rest_route=\/wp\/v2\/media\/286930"}],"wp:attachment":[{"href":"https:\/\/archive.sana.sy\/tr\/index.php?rest_route=%2Fwp%2Fv2%2Fmedia&parent=286928"}],"wp:term":[{"taxonomy":"category","embeddable":true,"href":"https:\/\/archive.sana.sy\/tr\/index.php?rest_route=%2Fwp%2Fv2%2Fcategories&post=286928"},{"taxonomy":"post_tag","embeddable":true,"href":"https:\/\/archive.sana.sy\/tr\/index.php?rest_route=%2Fwp%2Fv2%2Ftags&post=286928"}],"curies":[{"name":"wp","href":"https:\/\/api.w.org\/{rel}","templated":true}]}}