{"id":286932,"date":"2023-08-25T10:18:33","date_gmt":"2023-08-25T07:18:33","guid":{"rendered":"https:\/\/sana.sy\/tr\/?p=286932"},"modified":"2023-08-28T08:11:06","modified_gmt":"2023-08-28T05:11:06","slug":"rus-ordusu-kirim-hava-sahasinda-42-ukrayna-ihasini-imha-etti","status":"publish","type":"post","link":"https:\/\/archive.sana.sy\/tr\/?p=286932","title":{"rendered":"Rus Ordusu K\u0131r\u0131m Hava Sahas\u0131nda 42 Ukrayna \u0130HA&#8217;s\u0131n\u0131 \u00a0\u0130mha Etti"},"content":{"rendered":"<p style=\"text-align: justify;\"><strong>MOSKOVA 25 <\/strong><strong>A\u011fustos (SANA)<\/strong> &#8211; Bug\u00fcn Rusya Savunma Bakanl\u0131\u011f\u0131, K\u0131r\u0131m hava sahas\u0131ndaki 42 Ukrayna insans\u0131z hava arac\u0131n\u0131n imha edildi\u011fini duyurdu.<\/p>\n<p style=\"text-align: justify;\">&#8220;RT&#8221; internet sitesi, \u00a0bakanl\u0131\u011f\u0131n\u00a0 &#8220;Kiev rejiminin K\u0131r\u0131m topraklar\u0131na ter\u00f6rist drone sald\u0131r\u0131lar\u0131 d\u00fczenleme giri\u015fimi engellendi&#8221; ifadelerini aktard\u0131.<\/p>\n<p style=\"text-align: justify;\">A\u00e7\u0131klamada ayr\u0131ca, &#8221;Hava savunma sistemleri 42 \u0130HA tespit ederek 9&#8217;unu imha etti. Di\u011fer 33 y\u00fcr\u00fcy\u00fc\u015f ise elektronik harp nedeniyle devre d\u0131\u015f\u0131 b\u0131rak\u0131larak hedefe ula\u015famadan d\u00fc\u015ft\u00fc&#8221; ifadelere yer verildi.<\/p>\n<p><a href=\"https:\/\/t.me\/SuriyeArapHaberAjansI\">Telegram Kanal\u0131m\u0131z\u00a0<\/a><\/p>\n<p><a href=\"https:\/\/www.facebook.com\/SANAHaberAjansi\/\">Facebook Sayfam\u0131z<\/a><\/p>\n<p><a href=\"https:\/\/twitter.com\/arap_ajans\">Twitter Hesab\u0131m\u0131z<\/a><\/p>\n","protected":false},"excerpt":{"rendered":"<p>MOSKOVA 25 A\u011fustos (SANA) &#8211; Bug\u00fcn Rusya Savunma Bakanl\u0131\u011f\u0131, K\u0131r\u0131m hava sahas\u0131ndaki 42 Ukrayna insans\u0131z hava arac\u0131n\u0131n imha edildi\u011fini duyurdu. &#8220;RT&#8221; internet sitesi, \u00a0bakanl\u0131\u011f\u0131n\u00a0 &#8220;Kiev rejiminin K\u0131r\u0131m topraklar\u0131na ter\u00f6rist drone sald\u0131r\u0131lar\u0131 d\u00fczenleme giri\u015fimi engellendi&#8221; ifadelerini aktard\u0131. A\u00e7\u0131klamada ayr\u0131ca, &#8221;Hava savunma sistemleri 42 \u0130HA tespit ederek 9&#8217;unu imha etti. Di\u011fer 33 y\u00fcr\u00fcy\u00fc\u015f ise elektronik harp nedeniyle &hellip;<\/p>\n","protected":false},"author":41,"featured_media":286933,"comment_status":"closed","ping_status":"closed","sticky":false,"template":"","format":"standard","meta":{"footnotes":""},"categories":[458,459,17988],"tags":[39437],"class_list":["post-286932","post","type-post","status-publish","format-standard","has-post-thumbnail","","category-dunya1","category-haberler-arap-uluslararasi-politika","category-son-haberler","tag-rus-ordusu-kirim-hava-sahasinda-42-ukrayna-ihasini-imha-etti"],"_links":{"self":[{"href":"https:\/\/archive.sana.sy\/tr\/index.php?rest_route=\/wp\/v2\/posts\/286932","targetHints":{"allow":["GET"]}}],"collection":[{"href":"https:\/\/archive.sana.sy\/tr\/index.php?rest_route=\/wp\/v2\/posts"}],"about":[{"href":"https:\/\/archive.sana.sy\/tr\/index.php?rest_route=\/wp\/v2\/types\/post"}],"author":[{"embeddable":true,"href":"https:\/\/archive.sana.sy\/tr\/index.php?rest_route=\/wp\/v2\/users\/41"}],"replies":[{"embeddable":true,"href":"https:\/\/archive.sana.sy\/tr\/index.php?rest_route=%2Fwp%2Fv2%2Fcomments&post=286932"}],"version-history":[{"count":1,"href":"https:\/\/archive.sana.sy\/tr\/index.php?rest_route=\/wp\/v2\/posts\/286932\/revisions"}],"predecessor-version":[{"id":286934,"href":"https:\/\/archive.sana.sy\/tr\/index.php?rest_route=\/wp\/v2\/posts\/286932\/revisions\/286934"}],"wp:featuredmedia":[{"embeddable":true,"href":"https:\/\/archive.sana.sy\/tr\/index.php?rest_route=\/wp\/v2\/media\/286933"}],"wp:attachment":[{"href":"https:\/\/archive.sana.sy\/tr\/index.php?rest_route=%2Fwp%2Fv2%2Fmedia&parent=286932"}],"wp:term":[{"taxonomy":"category","embeddable":true,"href":"https:\/\/archive.sana.sy\/tr\/index.php?rest_route=%2Fwp%2Fv2%2Fcategories&post=286932"},{"taxonomy":"post_tag","embeddable":true,"href":"https:\/\/archive.sana.sy\/tr\/index.php?rest_route=%2Fwp%2Fv2%2Ftags&post=286932"}],"curies":[{"name":"wp","href":"https:\/\/api.w.org\/{rel}","templated":true}]}}