{"id":286989,"date":"2023-08-26T17:00:33","date_gmt":"2023-08-26T14:00:33","guid":{"rendered":"https:\/\/sana.sy\/tr\/?p=286989"},"modified":"2023-08-28T08:12:35","modified_gmt":"2023-08-28T05:12:35","slug":"sdg-milisler-ve-amerikan-isgali-demiryollarini-sokmeye-ve-yagmalamaya-devam-ediyor","status":"publish","type":"post","link":"https:\/\/archive.sana.sy\/tr\/?p=286989","title":{"rendered":"(SDG) Milisler Ve Amerikan \u0130\u015fgali Demiryollar\u0131n\u0131 S\u00f6kmeye Ve Ya\u011fmalamaya Devam Ediyor"},"content":{"rendered":"<p style=\"text-align: justify;\"><strong>\u015eAM 26 A\u011fustos (SANA)<\/strong> &#8211; Ayr\u0131l\u0131k\u00e7\u0131 &#8220;SDG&#8221; milisleri, kendisine ba\u011fl\u0131 Amerikan i\u015fgaliyle ortakla\u015fa, ulusal zenginlikleri ya\u011fmalamaya ve h\u0131rs\u0131zl\u0131k yapmaya devam etti, Suriye devletinin altyap\u0131s\u0131n\u0131 yok etti ve Suriye halk\u0131n\u0131 bundan mahrum b\u0131rakt\u0131 ve kontrol etti\u011fi b\u00f6lgelerde daha fazla demiryolunu s\u00f6k\u00fcp \u00e7ald\u0131.<\/p>\n<p style=\"text-align: justify;\">Demiryollar\u0131 Genel Kurumu bug\u00fcn yapt\u0131\u011f\u0131 a\u00e7\u0131klamada, \u2018\u2019SDG milisleri, Deyrizor ve Haseke&#8217;de konu\u015fland\u0131\u011f\u0131 <img loading=\"lazy\" decoding=\"async\" class=\"size-full wp-image-286990 alignright\" src=\"http:\/\/sana.sy\/tr\/wp-content\/uploads\/2023\/08\/photo_2023-08-26_15-00-05-300x204-1.jpg\" alt=\"\" width=\"300\" height=\"204\" srcset=\"https:\/\/archive.sana.sy\/tr\/wp-content\/uploads\/2023\/08\/photo_2023-08-26_15-00-05-300x204-1.jpg 300w, https:\/\/archive.sana.sy\/tr\/wp-content\/uploads\/2023\/08\/photo_2023-08-26_15-00-05-300x204-1-110x75.jpg 110w\" sizes=\"auto, (max-width: 300px) 100vw, 300px\" \/>b\u00f6lgelerde lokomotif, kamyon ve makinelerin yan\u0131 s\u0131ra altyap\u0131s\u0131, tesisleri ve ekipmanlar\u0131yla demiryollar\u0131n\u0131 da \u00e7almaya devam ediyor. H\u00fcseyniye mahallesindeki yolcu ta\u015f\u0131ma istasyonundan ve tah\u0131l silolar\u0131n\u0131n yak\u0131n\u0131ndaki y\u00fck istasyonundan ba\u015flay\u0131p, Koniko fabrikas\u0131 gaz\u0131n\u0131n ta\u015f\u0131nmas\u0131 i\u00e7in belirlenen Al-Tabia istasyonuna kadar olan hat istasyonlar\u0131n\u0131n s\u00f6k\u00fclmesiyle yak\u0131n zamanda izlenenler de buna dahil. Kas\u0131m 2021&#8217;de s\u00f6k\u00fcld\u00fc\u011f\u00fc i\u00e7in Irak&#8217;a ba\u011flanmak i\u00e7in Deyrizor ile Albu Kamal aras\u0131nda in\u015faat halindeki demiryolu istasyonlar\u0131n\u0131, malzemeleri ve ekipmanlar\u0131 \u00e7ald\u0131\u2019\u2019 dedi.<\/p>\n<p style=\"text-align: justify;\">A\u00e7\u0131klamada ayr\u0131ca, \u2018\u2019Ayr\u0131l\u0131k\u00e7\u0131 milislerle Amerikan i\u015fgali aras\u0131ndaki ittifak kapsam\u0131nda Amerikan u\u00e7aklar\u0131, sonuncusu Ramadi kasabas\u0131nda F\u0131rat Nehri \u00fczerindeki b\u00fcy\u00fck k\u00f6pr\u00fc olan demiryolu k\u00f6pr\u00fclerini hedef ald\u0131\u2019\u2019 ifadelere yer verildi.<\/p>\n<p style=\"text-align: justify;\">Kurumun a\u00e7\u0131klamas\u0131nda da, \u00a0\u2018Demiryollar\u0131n\u0131n bu sistematik y\u0131k\u0131m\u0131, Amerika&#8217;n\u0131n ara\u00e7lar\u0131 ve m\u00fc\u015fterileri i\u00e7in \u00f6rt\u00fc, koruma ve s\u00fcrekli destek alt\u0131nda ger\u00e7ekle\u015ftiriliyor ve bu, onun a\u015f\u0131r\u0131 soygun ve su\u00e7a y\u00f6nelik a\u015fa\u011f\u0131l\u0131k planlar\u0131 ve petrol, tar\u0131m ve su kaynaklar\u0131m\u0131z\u0131n \u00e7al\u0131nmas\u0131 kapsam\u0131na giriyor. Ama\u00e7, tek tarafl\u0131 zorlay\u0131c\u0131 tedbirler ve haks\u0131z ku\u015fatman\u0131n yan\u0131 s\u0131ra, Suriye halk\u0131n\u0131n \u00fczerindeki ekonomik bask\u0131y\u0131 art\u0131rmak, onlar\u0131n kabiliyetlerini ve kalk\u0131nmalar\u0131n\u0131 vurmakt\u0131r\u2019\u2019 ifadeler kullan\u0131ld\u0131.<\/p>\n<p><a href=\"https:\/\/t.me\/SuriyeArapHaberAjansI\">Telegram Kanal\u0131m\u0131z\u00a0<\/a><\/p>\n<p><a href=\"https:\/\/www.facebook.com\/SANAHaberAjansi\/\">Facebook Sayfam\u0131z<\/a><\/p>\n<p><a href=\"https:\/\/twitter.com\/arap_ajans\">Twitter Hesab\u0131m\u0131z<\/a><\/p>\n","protected":false},"excerpt":{"rendered":"<p>\u015eAM 26 A\u011fustos (SANA) &#8211; Ayr\u0131l\u0131k\u00e7\u0131 &#8220;SDG&#8221; milisleri, kendisine ba\u011fl\u0131 Amerikan i\u015fgaliyle ortakla\u015fa, ulusal zenginlikleri ya\u011fmalamaya ve h\u0131rs\u0131zl\u0131k yapmaya devam etti, Suriye devletinin altyap\u0131s\u0131n\u0131 yok etti ve Suriye halk\u0131n\u0131 bundan mahrum b\u0131rakt\u0131 ve kontrol etti\u011fi b\u00f6lgelerde daha fazla demiryolunu s\u00f6k\u00fcp \u00e7ald\u0131. Demiryollar\u0131 Genel Kurumu bug\u00fcn yapt\u0131\u011f\u0131 a\u00e7\u0131klamada, \u2018\u2019SDG milisleri, Deyrizor ve Haseke&#8217;de konu\u015fland\u0131\u011f\u0131 b\u00f6lgelerde lokomotif, &hellip;<\/p>\n","protected":false},"author":41,"featured_media":286991,"comment_status":"closed","ping_status":"closed","sticky":false,"template":"","format":"standard","meta":{"footnotes":""},"categories":[479,17988,478],"tags":[39455,39456,39457,38503,19174,22182,39458],"class_list":["post-286989","post","type-post","status-publish","format-standard","has-post-thumbnail","","category-haberler-yerel","category-son-haberler","category-yerel","tag-sdg-milisler-ve-amerikan-isgali-demiryollarini-sokmeye-ve-yagmalamaya-devam-ediyor","tag-deyrizor-ve-hasekede-konuslandigi-bolgelerde-lokomotif","tag-kamyon-ve-makinelerin-yani-sira-altyapisi","tag-sdg-milisleri","tag-suriyede-son-durumlar","tag-suriyede-savas","tag-tesisleri-ve-ekipmanlariyla-demiryollarini-da-calmaya-devam-ediyor"],"_links":{"self":[{"href":"https:\/\/archive.sana.sy\/tr\/index.php?rest_route=\/wp\/v2\/posts\/286989","targetHints":{"allow":["GET"]}}],"collection":[{"href":"https:\/\/archive.sana.sy\/tr\/index.php?rest_route=\/wp\/v2\/posts"}],"about":[{"href":"https:\/\/archive.sana.sy\/tr\/index.php?rest_route=\/wp\/v2\/types\/post"}],"author":[{"embeddable":true,"href":"https:\/\/archive.sana.sy\/tr\/index.php?rest_route=\/wp\/v2\/users\/41"}],"replies":[{"embeddable":true,"href":"https:\/\/archive.sana.sy\/tr\/index.php?rest_route=%2Fwp%2Fv2%2Fcomments&post=286989"}],"version-history":[{"count":1,"href":"https:\/\/archive.sana.sy\/tr\/index.php?rest_route=\/wp\/v2\/posts\/286989\/revisions"}],"predecessor-version":[{"id":286992,"href":"https:\/\/archive.sana.sy\/tr\/index.php?rest_route=\/wp\/v2\/posts\/286989\/revisions\/286992"}],"wp:featuredmedia":[{"embeddable":true,"href":"https:\/\/archive.sana.sy\/tr\/index.php?rest_route=\/wp\/v2\/media\/286991"}],"wp:attachment":[{"href":"https:\/\/archive.sana.sy\/tr\/index.php?rest_route=%2Fwp%2Fv2%2Fmedia&parent=286989"}],"wp:term":[{"taxonomy":"category","embeddable":true,"href":"https:\/\/archive.sana.sy\/tr\/index.php?rest_route=%2Fwp%2Fv2%2Fcategories&post=286989"},{"taxonomy":"post_tag","embeddable":true,"href":"https:\/\/archive.sana.sy\/tr\/index.php?rest_route=%2Fwp%2Fv2%2Ftags&post=286989"}],"curies":[{"name":"wp","href":"https:\/\/api.w.org\/{rel}","templated":true}]}}