{"id":28699,"date":"2015-04-06T09:51:34","date_gmt":"2015-04-06T06:51:34","guid":{"rendered":"http:\/\/www.sana.sy\/tr\/?p=28699"},"modified":"2015-04-06T09:51:34","modified_gmt":"2015-04-06T06:51:34","slug":"obama-israili-alenen-kayirarak-zayiflamasini-da-baskanligi-doneminin-basarisizligi-olarak-var-sayiyor","status":"publish","type":"post","link":"https:\/\/archive.sana.sy\/tr\/?p=28699","title":{"rendered":"Obama \u0130srail\u2019i Alenen Kay\u0131rarak Zay\u0131flamas\u0131n\u0131 da Ba\u015fkanl\u0131\u011f\u0131 D\u00f6neminin Ba\u015far\u0131s\u0131zl\u0131\u011f\u0131 Olarak Var Say\u0131yor"},"content":{"rendered":"<p>WASH\u0130NGTON \u2013 Amerika Bakan\u0131 Barack Obama i\u015fgalci \u0130srail varl\u0131\u011f\u0131na y\u00f6nelik a\u00e7\u0131k kay\u0131rmas\u0131n\u0131 yineleyerek kendi d\u00f6nemi veya sebebiyle herhangi bir \u201c\u0130srail\u201d zay\u0131flamas\u0131n\u0131n ba\u015fkanl\u0131\u011f\u0131na k\u00f6kl\u00fc bir ba\u015far\u0131s\u0131zl\u0131k te\u015fkil edece\u011fini varsayd\u0131.<\/p>\n<p>Frans Press Haber Ajans\u0131 AFP, Obama\u2019n\u0131n d\u00fcn Amerikal\u0131 \u201cNew York Times\u201d gazetesinin kendisiyle d\u00fczenledi\u011fi r\u00f6portajdan naklen, kendi d\u00f6neminde veya yapt\u0131\u011f\u0131 bir i\u015f sonucunda \u0130srail\u2019in daha zay\u0131f olmas\u0131 halinde ba\u015fkanl\u0131\u011f\u0131 i\u00e7in k\u00f6kl\u00fc bir ba\u015far\u0131s\u0131zl\u0131k sayaca\u011f\u0131n\u0131 ve kendi taraf\u0131ndan yap\u0131lan bir ba\u015far\u0131s\u0131zl\u0131k sayaca\u011f\u0131n\u0131 belirtti\u011fini s\u00f6yledi.<\/p>\n<p>Obama, ABD ile \u201c\u0130srail\u201d aras\u0131nda, \u0130ran ve Filistin meseleleriyle ilgili ayn\u0131 anda olan anla\u015fmazl\u0131klar esnas\u0131nda bile, herhangi bir anla\u015fmazl\u0131\u011f\u0131n aralar\u0131ndaki ba\u011f\u0131 k\u0131rmaya yol a\u00e7amayaca\u011f\u0131n\u0131 belirtti.<\/p>\n<p>Obama, kendisinin her zaman \u0130srail\u2019i savunmalar\u0131n\u0131n hi\u00e7 bir zaman sars\u0131lmayaca\u011f\u0131n\u0131 belirtti\u011fine i\u015faret etti.<\/p>\n<p>S.\u015e. &#8211; R.H.<\/p>\n","protected":false},"excerpt":{"rendered":"<p>WASH\u0130NGTON \u2013 Amerika Bakan\u0131 Barack Obama i\u015fgalci \u0130srail varl\u0131\u011f\u0131na y\u00f6nelik a\u00e7\u0131k kay\u0131rmas\u0131n\u0131 yineleyerek kendi d\u00f6nemi veya sebebiyle herhangi bir \u201c\u0130srail\u201d zay\u0131flamas\u0131n\u0131n ba\u015fkanl\u0131\u011f\u0131na k\u00f6kl\u00fc bir ba\u015far\u0131s\u0131zl\u0131k te\u015fkil edece\u011fini varsayd\u0131. Frans Press Haber Ajans\u0131 AFP, Obama\u2019n\u0131n d\u00fcn Amerikal\u0131 \u201cNew York Times\u201d gazetesinin kendisiyle d\u00fczenledi\u011fi r\u00f6portajdan naklen, kendi d\u00f6neminde veya yapt\u0131\u011f\u0131 bir i\u015f sonucunda \u0130srail\u2019in daha zay\u0131f olmas\u0131 &hellip;<\/p>\n","protected":false},"author":1,"featured_media":28700,"comment_status":"closed","ping_status":"closed","sticky":false,"template":"","format":"standard","meta":{"footnotes":""},"categories":[458,459,447],"tags":[13288],"class_list":["post-28699","post","type-post","status-publish","format-standard","has-post-thumbnail","","category-dunya1","category-haberler-arap-uluslararasi-politika","category-politika","tag-obama-israili-alenen-kayirarak-zayiflamasini-da-baskanligi-doneminin-basarisizligi-olarak-var-sayiyor-washington-amerika-bakani-barack-obama-isgalci-israil-varligina-yonelik-acik-ka"],"_links":{"self":[{"href":"https:\/\/archive.sana.sy\/tr\/index.php?rest_route=\/wp\/v2\/posts\/28699","targetHints":{"allow":["GET"]}}],"collection":[{"href":"https:\/\/archive.sana.sy\/tr\/index.php?rest_route=\/wp\/v2\/posts"}],"about":[{"href":"https:\/\/archive.sana.sy\/tr\/index.php?rest_route=\/wp\/v2\/types\/post"}],"author":[{"embeddable":true,"href":"https:\/\/archive.sana.sy\/tr\/index.php?rest_route=\/wp\/v2\/users\/1"}],"replies":[{"embeddable":true,"href":"https:\/\/archive.sana.sy\/tr\/index.php?rest_route=%2Fwp%2Fv2%2Fcomments&post=28699"}],"version-history":[{"count":0,"href":"https:\/\/archive.sana.sy\/tr\/index.php?rest_route=\/wp\/v2\/posts\/28699\/revisions"}],"wp:featuredmedia":[{"embeddable":true,"href":"https:\/\/archive.sana.sy\/tr\/index.php?rest_route=\/wp\/v2\/media\/28700"}],"wp:attachment":[{"href":"https:\/\/archive.sana.sy\/tr\/index.php?rest_route=%2Fwp%2Fv2%2Fmedia&parent=28699"}],"wp:term":[{"taxonomy":"category","embeddable":true,"href":"https:\/\/archive.sana.sy\/tr\/index.php?rest_route=%2Fwp%2Fv2%2Fcategories&post=28699"},{"taxonomy":"post_tag","embeddable":true,"href":"https:\/\/archive.sana.sy\/tr\/index.php?rest_route=%2Fwp%2Fv2%2Ftags&post=28699"}],"curies":[{"name":"wp","href":"https:\/\/api.w.org\/{rel}","templated":true}]}}