{"id":286999,"date":"2023-08-26T08:00:32","date_gmt":"2023-08-26T05:00:32","guid":{"rendered":"https:\/\/sana.sy\/tr\/?p=286999"},"modified":"2023-08-27T13:57:30","modified_gmt":"2023-08-27T10:57:30","slug":"suriye-fransa-ve-amerika-disisleri-bakanliginin-kendisine-yonelik-asilsiz-suclamalar-iceren-aciklamalarini-kinadi","status":"publish","type":"post","link":"https:\/\/archive.sana.sy\/tr\/?p=286999","title":{"rendered":"Suriye, Fransa Ve Amerika D\u0131\u015fi\u015fleri Bakanl\u0131\u011f\u0131&#8217;n\u0131n Kendisine Y\u00f6nelik As\u0131ls\u0131z Su\u00e7lamalar \u0130\u00e7eren A\u00e7\u0131klamalar\u0131n\u0131 K\u0131nad\u0131"},"content":{"rendered":"<p style=\"text-align: justify;\"><strong>\u015eAM 26 A\u011fustos (SANA)<\/strong> &#8211; D\u0131\u015fi\u015fleri ve G\u00f6\u00e7menler Bakanl\u0131\u011f\u0131, \u00a0Fransa D\u0131\u015fi\u015fleri Bakanl\u0131\u011f\u0131 ve ABD Ulusal G\u00fcvenlik Konseyi s\u00f6zc\u00fcs\u00fcn\u00fcn 2013 y\u0131l\u0131nda kimyasal silah kullan\u0131ld\u0131\u011f\u0131na ve di\u011fer uydurma ve uydurma olaylara ili\u015fkin as\u0131ls\u0131z su\u00e7lamalar i\u00e7eren a\u00e7\u0131klamalar\u0131n\u0131 k\u0131nad\u0131.<\/p>\n<p style=\"text-align: justify;\">D\u0131\u015fi\u015fleri ve G\u00f6\u00e7menler Bakanl\u0131\u011f\u0131\u00a0 bug\u00fcn yapt\u0131\u011f\u0131 a\u00e7\u0131klamada, \u2018\u2019Suriye, Fransa D\u0131\u015fi\u015fleri Bakanl\u0131\u011f\u0131 ve ABD Ulusal G\u00fcvenlik Konseyi s\u00f6zc\u00fcs\u00fcn\u00fcn, 2013 y\u0131l\u0131nda kimyasal silah kullan\u0131m\u0131 ve di\u011fer uydurma ve sahte olaylarla ilgili kendisine y\u00f6nelik as\u0131ls\u0131z su\u00e7lamalar\u0131 i\u00e7eren a\u00e7\u0131klamalar\u0131n\u0131 k\u0131n\u0131yor\u2019\u2019 dedi.<\/p>\n<p style=\"text-align: justify;\">Bakanl\u0131k ayr\u0131ca, \u2018\u2019 Frans\u0131z ve Amerikan d\u0131\u015fi\u015fleri bakanl\u0131klar\u0131n\u0131n iki a\u00e7\u0131klamada s\u00f6yledikleri, Suriye&#8217;ye y\u00f6nelik do\u011frudan ve dolayl\u0131 ter\u00f6r sald\u0131r\u0131lar\u0131nda tam ortakl\u0131k \u00e7er\u00e7evesinde iki \u00fclkenin ve di\u011fer \u00fclkelerin bu i\u011fren\u00e7 su\u00e7un planlanmas\u0131nda rol oynad\u0131\u011f\u0131n\u0131 do\u011frulayan \u00f6nceki yanl\u0131\u015f bilgilendirme ve yalan kampanyas\u0131ndan ayr\u0131lamaz\u2019\u2019 ifadelerini kulland\u0131.<\/p>\n<p style=\"text-align: justify;\">Bakanl\u0131k a\u00e7\u0131klamas\u0131nda da, \u2018\u2019Bu veriler, ger\u00e7ek su\u00e7lunun gizlenmesini ve A\u011fustos 2013&#8217;te Do\u011fu Guta&#8217;da ter\u00f6r gruplar\u0131n\u0131n kimyasal silah kullanmas\u0131 olay\u0131 ve di\u011fer olaylarda Fransa ve ABD&#8217;nin kat\u0131l\u0131m\u0131n\u0131 ve sorumluluklar\u0131n\u0131 \u00f6rtbas etmeyi ama\u00e7l\u0131yor\u2019\u2019 diyerek, \u2018\u2019Suriye, Fransa ve ABD&#8217;nin ter\u00f6r gruplar\u0131n\u0131 destekleme konusunda di\u011fer \u00fclkelerle olan sorumluluklar\u0131n\u0131 \u00f6rtbas etme ve bu gruplara Suriye&#8217;de ya\u015fanan t\u00fcm olaylarda bunu kulland\u0131\u011f\u0131 malzeme ve kimyasal silah sa\u011flamadaki rollerini \u00f6rtbas etme \u00e7er\u00e7evesindeki tutumlar\u0131n\u0131 k\u0131n\u0131yor\u2019\u2019 a\u00e7\u0131klamas\u0131nda bulundu.<\/p>\n<p style=\"text-align: justify;\">Bakanl\u0131k a\u00e7\u0131klamas\u0131n\u0131 \u015fu ifadelerle tamamlad\u0131: \u2018\u2019Sorumlu tutulmas\u0131 gerekenler Amerikal\u0131 ve Frans\u0131z yetkililer ve onlar\u0131n y\u00f6r\u00fcngesindekilerdir. \u00c7\u00fcnk\u00fc ter\u00f6r \u00f6rg\u00fctleriyle ittifak kurmu\u015flar, Suriye kan\u0131n\u0131n d\u00f6k\u00fclmesine kat\u0131lm\u0131\u015flard\u0131r ve Suriye halk\u0131n\u0131 a\u00e7 b\u0131rakma politikas\u0131n\u0131 uygulam\u0131\u015flar ve halen Uluslararas\u0131 hukuk ilkelerini ve Birle\u015fmi\u015f Milletler \u015eart\u0131&#8217;n\u0131 ihlal eden ter\u00f6rizm ve tek tarafl\u0131 zorlay\u0131c\u0131 yapt\u0131r\u0131mlar yoluyla uyguluyorlar.\u2019\u2019<\/p>\n<p><a href=\"https:\/\/t.me\/SuriyeArapHaberAjansI\">Telegram Kanal\u0131m\u0131z\u00a0<\/a><\/p>\n<p><a href=\"https:\/\/www.facebook.com\/SANAHaberAjansi\/\">Facebook Sayfam\u0131z<\/a><\/p>\n<p><a href=\"https:\/\/twitter.com\/arap_ajans\">Twitter Hesab\u0131m\u0131z<\/a><\/p>\n","protected":false},"excerpt":{"rendered":"<p>\u015eAM 26 A\u011fustos (SANA) &#8211; D\u0131\u015fi\u015fleri ve G\u00f6\u00e7menler Bakanl\u0131\u011f\u0131, \u00a0Fransa D\u0131\u015fi\u015fleri Bakanl\u0131\u011f\u0131 ve ABD Ulusal G\u00fcvenlik Konseyi s\u00f6zc\u00fcs\u00fcn\u00fcn 2013 y\u0131l\u0131nda kimyasal silah kullan\u0131ld\u0131\u011f\u0131na ve di\u011fer uydurma ve uydurma olaylara ili\u015fkin as\u0131ls\u0131z su\u00e7lamalar i\u00e7eren a\u00e7\u0131klamalar\u0131n\u0131 k\u0131nad\u0131. D\u0131\u015fi\u015fleri ve G\u00f6\u00e7menler Bakanl\u0131\u011f\u0131\u00a0 bug\u00fcn yapt\u0131\u011f\u0131 a\u00e7\u0131klamada, \u2018\u2019Suriye, Fransa D\u0131\u015fi\u015fleri Bakanl\u0131\u011f\u0131 ve ABD Ulusal G\u00fcvenlik Konseyi s\u00f6zc\u00fcs\u00fcn\u00fcn, 2013 y\u0131l\u0131nda kimyasal &hellip;<\/p>\n","protected":false},"author":41,"featured_media":287000,"comment_status":"closed","ping_status":"closed","sticky":false,"template":"","format":"standard","meta":{"footnotes":""},"categories":[479,17988,478],"tags":[39462,39461,39465,35471,16591,39464,39463,19174,22182],"class_list":["post-286999","post","type-post","status-publish","format-standard","has-post-thumbnail","","category-haberler-yerel","category-son-haberler","category-yerel","tag-fransa-disisleri-bakanligi-ve-abd-ulusal-guvenlik-konseyi-sozcusu","tag-fransa-ve-amerika-disisleri-bakanliginin-kendisine-yonelik-asilsiz-suclamalar-iceren-aciklamalarini-kinadi","tag-gustos-2013te-dogu-gutada-teror-gruplarinin-kimyasal-silah-kullanmasi","tag-kimyasal-silah-kullanma","tag-suriye","tag-suriyede-catisma","tag-suriyede-silahla-gurplar","tag-suriyede-son-durumlar","tag-suriyede-savas"],"_links":{"self":[{"href":"https:\/\/archive.sana.sy\/tr\/index.php?rest_route=\/wp\/v2\/posts\/286999","targetHints":{"allow":["GET"]}}],"collection":[{"href":"https:\/\/archive.sana.sy\/tr\/index.php?rest_route=\/wp\/v2\/posts"}],"about":[{"href":"https:\/\/archive.sana.sy\/tr\/index.php?rest_route=\/wp\/v2\/types\/post"}],"author":[{"embeddable":true,"href":"https:\/\/archive.sana.sy\/tr\/index.php?rest_route=\/wp\/v2\/users\/41"}],"replies":[{"embeddable":true,"href":"https:\/\/archive.sana.sy\/tr\/index.php?rest_route=%2Fwp%2Fv2%2Fcomments&post=286999"}],"version-history":[{"count":1,"href":"https:\/\/archive.sana.sy\/tr\/index.php?rest_route=\/wp\/v2\/posts\/286999\/revisions"}],"predecessor-version":[{"id":287001,"href":"https:\/\/archive.sana.sy\/tr\/index.php?rest_route=\/wp\/v2\/posts\/286999\/revisions\/287001"}],"wp:featuredmedia":[{"embeddable":true,"href":"https:\/\/archive.sana.sy\/tr\/index.php?rest_route=\/wp\/v2\/media\/287000"}],"wp:attachment":[{"href":"https:\/\/archive.sana.sy\/tr\/index.php?rest_route=%2Fwp%2Fv2%2Fmedia&parent=286999"}],"wp:term":[{"taxonomy":"category","embeddable":true,"href":"https:\/\/archive.sana.sy\/tr\/index.php?rest_route=%2Fwp%2Fv2%2Fcategories&post=286999"},{"taxonomy":"post_tag","embeddable":true,"href":"https:\/\/archive.sana.sy\/tr\/index.php?rest_route=%2Fwp%2Fv2%2Ftags&post=286999"}],"curies":[{"name":"wp","href":"https:\/\/api.w.org\/{rel}","templated":true}]}}