{"id":287018,"date":"2023-08-27T13:53:12","date_gmt":"2023-08-27T10:53:12","guid":{"rendered":"https:\/\/sana.sy\/tr\/?p=287018"},"modified":"2023-08-28T09:31:45","modified_gmt":"2023-08-28T06:31:45","slug":"mikdad-yurtdisindaki-suriye-vatandaslarinin-cikarlarinin-gozetilmesinin-onemini-vurguladi","status":"publish","type":"post","link":"https:\/\/archive.sana.sy\/tr\/?p=287018","title":{"rendered":"Mikdad, Yurtd\u0131\u015f\u0131ndaki Suriye Vatanda\u015flar\u0131n\u0131n \u00c7\u0131karlar\u0131n\u0131n G\u00f6zetilmesinin \u00d6nemini Vurgulad\u0131"},"content":{"rendered":"<p style=\"text-align: justify;\"><strong>\u015eAM 27 A\u011fustos (SANA)<\/strong> &#8211; D\u0131\u015fi\u015fleri ve Gurbet\u00e7iler Bakan\u0131 Faysal Mikdad, yurtd\u0131\u015f\u0131ndaki Suriye vatanda\u015flar\u0131n\u0131n \u00e7\u0131karlar\u0131n\u0131n g\u00f6zetilmesinin ve onlara en iyi hizmetlerin sunulmas\u0131n\u0131n yan\u0131 s\u0131ra onlarla ileti\u015fimin s\u00fcrekli g\u00fc\u00e7lendirilmesinin \u00f6nemini vurgulad\u0131.<\/p>\n<p style=\"text-align: justify;\">Bakan Mikdad, bug\u00fcn yapt\u0131\u011f\u0131 g\u00f6r\u00fc\u015fmede, baz\u0131 karde\u015f ve dost \u00fclkelerdeki Suriye diplomatik misyonlar\u0131n\u0131n atanm\u0131\u015f ba\u015fkanlar\u0131na, Suriye&#8217;nin b\u00f6lgedeki ve d\u00fcnyadaki \u00e7e\u015fitli geli\u015fmeler ve siyasi olaylara ili\u015fkin tutumuna ili\u015fkin talimatlar vererek, yurtd\u0131\u015f\u0131ndaki Suriyeli vatanda\u015flar\u0131n \u00e7\u0131karlar\u0131n\u0131n g\u00f6zetilmesinin ve onlara en iyi hizmetlerin sunulmas\u0131n\u0131n yan\u0131 s\u0131ra onlarla ileti\u015fimin s\u00fcrekli g\u00fc\u00e7lendirilmesinin \u00f6nemini vurgulad\u0131.<\/p>\n<p style=\"text-align: justify;\">Mikdad ayr\u0131ca, bakanl\u0131\u011f\u0131n atanan misyon ba\u015fkanlar\u0131na yurt d\u0131\u015f\u0131ndaki \u00e7al\u0131\u015fmalar\u0131n\u0131n ba\u015far\u0131s\u0131 i\u00e7in gerekli deste\u011fi sa\u011flayaca\u011f\u0131n\u0131, Suriye&#8217;yi en iyi \u015fekilde temsil etmelerini ve \u00e7\u0131karlar\u0131n\u0131 savunmalar\u0131n\u0131 sa\u011flayaca\u011f\u0131n\u0131 belirterek, g\u00f6revlerinde ba\u015far\u0131lar diledi.<\/p>\n<p style=\"text-align: justify;\"><a href=\"https:\/\/t.me\/SuriyeArapHaberAjansI\">Telegram Kanal\u0131m\u0131z\u00a0<\/a><\/p>\n<p style=\"text-align: justify;\"><a href=\"https:\/\/www.facebook.com\/SANAHaberAjansi\/\">Facebook Sayfam\u0131z<\/a><\/p>\n<p style=\"text-align: justify;\"><a href=\"https:\/\/twitter.com\/arap_ajans\">Twitter Hesab\u0131m\u0131z<\/a><\/p>\n","protected":false},"excerpt":{"rendered":"<p>\u015eAM 27 A\u011fustos (SANA) &#8211; D\u0131\u015fi\u015fleri ve Gurbet\u00e7iler Bakan\u0131 Faysal Mikdad, yurtd\u0131\u015f\u0131ndaki Suriye vatanda\u015flar\u0131n\u0131n \u00e7\u0131karlar\u0131n\u0131n g\u00f6zetilmesinin ve onlara en iyi hizmetlerin sunulmas\u0131n\u0131n yan\u0131 s\u0131ra onlarla ileti\u015fimin s\u00fcrekli g\u00fc\u00e7lendirilmesinin \u00f6nemini vurgulad\u0131. Bakan Mikdad, bug\u00fcn yapt\u0131\u011f\u0131 g\u00f6r\u00fc\u015fmede, baz\u0131 karde\u015f ve dost \u00fclkelerdeki Suriye diplomatik misyonlar\u0131n\u0131n atanm\u0131\u015f ba\u015fkanlar\u0131na, Suriye&#8217;nin b\u00f6lgedeki ve d\u00fcnyadaki \u00e7e\u015fitli geli\u015fmeler ve siyasi olaylara ili\u015fkin &hellip;<\/p>\n","protected":false},"author":39,"featured_media":287019,"comment_status":"closed","ping_status":"closed","sticky":false,"template":"","format":"standard","meta":{"footnotes":""},"categories":[479,17988,478],"tags":[],"class_list":["post-287018","post","type-post","status-publish","format-standard","has-post-thumbnail","","category-haberler-yerel","category-son-haberler","category-yerel"],"_links":{"self":[{"href":"https:\/\/archive.sana.sy\/tr\/index.php?rest_route=\/wp\/v2\/posts\/287018","targetHints":{"allow":["GET"]}}],"collection":[{"href":"https:\/\/archive.sana.sy\/tr\/index.php?rest_route=\/wp\/v2\/posts"}],"about":[{"href":"https:\/\/archive.sana.sy\/tr\/index.php?rest_route=\/wp\/v2\/types\/post"}],"author":[{"embeddable":true,"href":"https:\/\/archive.sana.sy\/tr\/index.php?rest_route=\/wp\/v2\/users\/39"}],"replies":[{"embeddable":true,"href":"https:\/\/archive.sana.sy\/tr\/index.php?rest_route=%2Fwp%2Fv2%2Fcomments&post=287018"}],"version-history":[{"count":6,"href":"https:\/\/archive.sana.sy\/tr\/index.php?rest_route=\/wp\/v2\/posts\/287018\/revisions"}],"predecessor-version":[{"id":287030,"href":"https:\/\/archive.sana.sy\/tr\/index.php?rest_route=\/wp\/v2\/posts\/287018\/revisions\/287030"}],"wp:featuredmedia":[{"embeddable":true,"href":"https:\/\/archive.sana.sy\/tr\/index.php?rest_route=\/wp\/v2\/media\/287019"}],"wp:attachment":[{"href":"https:\/\/archive.sana.sy\/tr\/index.php?rest_route=%2Fwp%2Fv2%2Fmedia&parent=287018"}],"wp:term":[{"taxonomy":"category","embeddable":true,"href":"https:\/\/archive.sana.sy\/tr\/index.php?rest_route=%2Fwp%2Fv2%2Fcategories&post=287018"},{"taxonomy":"post_tag","embeddable":true,"href":"https:\/\/archive.sana.sy\/tr\/index.php?rest_route=%2Fwp%2Fv2%2Ftags&post=287018"}],"curies":[{"name":"wp","href":"https:\/\/api.w.org\/{rel}","templated":true}]}}