{"id":287021,"date":"2023-08-27T13:56:48","date_gmt":"2023-08-27T10:56:48","guid":{"rendered":"https:\/\/sana.sy\/tr\/?p=287021"},"modified":"2023-08-30T08:06:29","modified_gmt":"2023-08-30T05:06:29","slug":"cumhurbaskani-esad-kadrolu-ve-sozlesmeli-iscilere-isin-niteligine-gore-tazminat-odenmesini-ongoren-kanun-hukmunde-kararnameler-yayinladi","status":"publish","type":"post","link":"https:\/\/archive.sana.sy\/tr\/?p=287021","title":{"rendered":"Cumhurba\u015fkan\u0131 Esad, Kadrolu Ve S\u00f6zle\u015fmeli \u0130\u015f\u00e7ilere \u0130\u015fin Niteli\u011fine G\u00f6re Tazminat \u00d6denmesini \u00d6ng\u00f6ren Kanun H\u00fckm\u00fcnde Kararnameler Yay\u0131nlad\u0131"},"content":{"rendered":"<p style=\"text-align: justify;\"><strong>\u015eAM 27 A\u011fustos (SANA)<\/strong> &#8211; Cumhurba\u015fkan\u0131 Be\u015f\u015far Esad, Daimi veya s\u00f6zle\u015fmeli \u00e7al\u0131\u015fanlar olan m\u00fchendisler, veterinerler, jeologlar ve jeofizik\u00e7iler i\u00e7in, i\u015fin niteli\u011fine g\u00f6re, i\u015fin yap\u0131ld\u0131\u011f\u0131 tarihteki ayl\u0131k kesintinin y\u00fczde 50&#8217;si oran\u0131nda tazminat \u00f6ng\u00f6ren 27 No&#8217;lu Kanun H\u00fckm\u00fcnde Kararname&#8217;yi yay\u0131nlad\u0131.<\/p>\n<p style=\"text-align: justify;\">Cumhurba\u015fkan\u0131 Be\u015f\u015far Esad ayr\u0131ca, (Savunma &#8211; \u0130\u00e7i\u015fleri &#8211; Y\u00fcksek \u00d6\u011fretim ve Bilimsel Ara\u015ft\u0131rma &#8211; Sa\u011fl\u0131k) bakanl\u0131klar\u0131naa ba\u011fl\u0131 hastanelerde hem kadrolu hem de s\u00f6zle\u015fmeli (radyoloji teknikerleri &#8211; anestezi teknikerleri &#8211; protez teknikerleri) \u00e7al\u0131\u015fanlar\u0131na i\u015fin niteli\u011fine g\u00f6re %50 oran\u0131nda (i\u015fin yap\u0131ld\u0131\u011f\u0131 tarihteki ayl\u0131k kesintinin y\u00fczde ellisi) tazminat \u00f6denmesini \u00f6ng\u00f6ren 28 Say\u0131l\u0131 Kanun H\u00fckm\u00fcnde Kararname yay\u0131nlad\u0131.<\/p>\n<p style=\"text-align: justify;\">Say\u0131n Cumhurba\u015fkan\u0131 Esad, 1979 tarih ve \/35\/ say\u0131l\u0131 Kanun H\u00fckm\u00fcnde Kararname ile \u00e7\u0131kar\u0131lan Suriye Havayollar\u0131 \u015eirketi Personel Sisteminin \/106\/ maddesinin de\u011fi\u015ftirilmesini \u00f6ng\u00f6ren 29 No&#8217;lu Kanun H\u00fckm\u00fcnde Kararname&#8217;yi de \u00e7\u0131kard\u0131.<\/p>\n<p style=\"text-align: justify;\"><a href=\"https:\/\/t.me\/SuriyeArapHaberAjansI\">Telegram Kanal\u0131m\u0131z\u00a0<\/a><\/p>\n<p style=\"text-align: justify;\"><a href=\"https:\/\/www.facebook.com\/SANAHaberAjansi\/\">Facebook Sayfam\u0131z<\/a><\/p>\n<p style=\"text-align: justify;\"><a href=\"https:\/\/twitter.com\/arap_ajans\">Twitter Hesab\u0131m\u0131z<\/a><\/p>\n","protected":false},"excerpt":{"rendered":"<p>\u015eAM 27 A\u011fustos (SANA) &#8211; Cumhurba\u015fkan\u0131 Be\u015f\u015far Esad, Daimi veya s\u00f6zle\u015fmeli \u00e7al\u0131\u015fanlar olan m\u00fchendisler, veterinerler, jeologlar ve jeofizik\u00e7iler i\u00e7in, i\u015fin niteli\u011fine g\u00f6re, i\u015fin yap\u0131ld\u0131\u011f\u0131 tarihteki ayl\u0131k kesintinin y\u00fczde 50&#8217;si oran\u0131nda tazminat \u00f6ng\u00f6ren 27 No&#8217;lu Kanun H\u00fckm\u00fcnde Kararname&#8217;yi yay\u0131nlad\u0131. Cumhurba\u015fkan\u0131 Be\u015f\u015far Esad ayr\u0131ca, (Savunma &#8211; \u0130\u00e7i\u015fleri &#8211; Y\u00fcksek \u00d6\u011fretim ve Bilimsel Ara\u015ft\u0131rma &#8211; Sa\u011fl\u0131k) bakanl\u0131klar\u0131naa ba\u011fl\u0131 &hellip;<\/p>\n","protected":false},"author":41,"featured_media":287022,"comment_status":"closed","ping_status":"closed","sticky":false,"template":"","format":"standard","meta":{"footnotes":""},"categories":[606,605,17988,612,599],"tags":[38219,39466],"class_list":["post-287021","post","type-post","status-publish","format-standard","has-post-thumbnail","","category-cumhurbaskani","category-sayin-cumhurbaskani","category-son-haberler","category-yasama-kararnameler","category-yasama-ve-kanunlar","tag-cumhurbaskani-esad","tag-kadrolu-ve-sozlesmeli-iscilere-isin-niteligine-gore-tazminat-odenmesini-ongoren-kanun-hukmunde-kararnameler-yayinladi"],"_links":{"self":[{"href":"https:\/\/archive.sana.sy\/tr\/index.php?rest_route=\/wp\/v2\/posts\/287021","targetHints":{"allow":["GET"]}}],"collection":[{"href":"https:\/\/archive.sana.sy\/tr\/index.php?rest_route=\/wp\/v2\/posts"}],"about":[{"href":"https:\/\/archive.sana.sy\/tr\/index.php?rest_route=\/wp\/v2\/types\/post"}],"author":[{"embeddable":true,"href":"https:\/\/archive.sana.sy\/tr\/index.php?rest_route=\/wp\/v2\/users\/41"}],"replies":[{"embeddable":true,"href":"https:\/\/archive.sana.sy\/tr\/index.php?rest_route=%2Fwp%2Fv2%2Fcomments&post=287021"}],"version-history":[{"count":3,"href":"https:\/\/archive.sana.sy\/tr\/index.php?rest_route=\/wp\/v2\/posts\/287021\/revisions"}],"predecessor-version":[{"id":287025,"href":"https:\/\/archive.sana.sy\/tr\/index.php?rest_route=\/wp\/v2\/posts\/287021\/revisions\/287025"}],"wp:featuredmedia":[{"embeddable":true,"href":"https:\/\/archive.sana.sy\/tr\/index.php?rest_route=\/wp\/v2\/media\/287022"}],"wp:attachment":[{"href":"https:\/\/archive.sana.sy\/tr\/index.php?rest_route=%2Fwp%2Fv2%2Fmedia&parent=287021"}],"wp:term":[{"taxonomy":"category","embeddable":true,"href":"https:\/\/archive.sana.sy\/tr\/index.php?rest_route=%2Fwp%2Fv2%2Fcategories&post=287021"},{"taxonomy":"post_tag","embeddable":true,"href":"https:\/\/archive.sana.sy\/tr\/index.php?rest_route=%2Fwp%2Fv2%2Ftags&post=287021"}],"curies":[{"name":"wp","href":"https:\/\/api.w.org\/{rel}","templated":true}]}}