{"id":287031,"date":"2023-08-27T08:11:08","date_gmt":"2023-08-27T05:11:08","guid":{"rendered":"https:\/\/sana.sy\/tr\/?p=287031"},"modified":"2023-08-28T08:12:48","modified_gmt":"2023-08-28T05:12:48","slug":"suriye-olimpiyat-futbol-takimi-asya-kupasi-elemeleri-hazirlik-macinda-suudi-arabitanli-mevkidasi-ile-karsi-karsiya-geldi","status":"publish","type":"post","link":"https:\/\/archive.sana.sy\/tr\/?p=287031","title":{"rendered":"Suriye Olimpiyat Futbol Tak\u0131m\u0131, Asya Kupas\u0131 Elemeleri Haz\u0131rl\u0131k Ma\u00e7\u0131nda Suudi Arabitanl\u0131 Mevkida\u015f\u0131 \u0130le Kar\u015f\u0131 Kar\u015f\u0131ya"},"content":{"rendered":"<p style=\"text-align: justify;\"><strong>R\u0130YAD 27 A\u011fustos (SANA)<\/strong> &#8211; Suriye Olimpiyat futbol tak\u0131m\u0131, \u00f6n\u00fcm\u00fczdeki ay\u0131n 6&#8217;s\u0131 ile 12&#8217;si aras\u0131nda \u00dcrd\u00fcn&#8217;de <img loading=\"lazy\" decoding=\"async\" class=\" wp-image-287033 alignright\" src=\"http:\/\/sana.sy\/tr\/wp-content\/uploads\/2023\/08\/photo_2023-08-27_13-09-40-300x202-1.jpg\" alt=\"\" width=\"223\" height=\"150\" srcset=\"https:\/\/archive.sana.sy\/tr\/wp-content\/uploads\/2023\/08\/photo_2023-08-27_13-09-40-300x202-1.jpg 300w, https:\/\/archive.sana.sy\/tr\/wp-content\/uploads\/2023\/08\/photo_2023-08-27_13-09-40-300x202-1-110x75.jpg 110w\" sizes=\"auto, (max-width: 223px) 100vw, 223px\" \/>d\u00fczenlenecek U-23 Asya Kupas\u0131 elemelerine haz\u0131rl\u0131k amac\u0131yla yar\u0131n Suudi mevkida\u015f\u0131 ile bir haz\u0131rl\u0131k ma\u00e7\u0131nda kar\u015f\u0131 kar\u015f\u0131ya gelecek.<\/p>\n<p style=\"text-align: justify;\">Ma\u00e7, milli tak\u0131m\u0131m\u0131z\u0131n Suudi Arabistan&#8217;\u0131n Abha kentinde iki g\u00fcn \u00f6nce ba\u015flayan d\u0131\u015f antrenman kamp\u0131 kapsam\u0131nda ger\u00e7ekle\u015fiyor. \u0130lk g\u00fcn iyile\u015ftirme antrenmanlar\u0131na sahne olurken, ikinci g\u00fcn fiziksel y\u00f6n\u00fcn yan\u0131 s\u0131ra oyuncular\u0131n bireysel ve toplu olarak sahadaki g\u00f6revleri ve baz\u0131 taktiksel konularda teorik derslere odaklan\u0131ld\u0131.<\/p>\n<p style=\"text-align: justify;\"><a href=\"https:\/\/t.me\/SuriyeArapHaberAjansI\">Telegram Kanal\u0131m\u0131z\u00a0<\/a><\/p>\n<p style=\"text-align: justify;\"><a href=\"https:\/\/www.facebook.com\/SANAHaberAjansi\/\">Facebook Sayfam\u0131z<\/a><\/p>\n<p style=\"text-align: justify;\"><a href=\"https:\/\/twitter.com\/arap_ajans\">Twitter Hesab\u0131m\u0131z<\/a><\/p>\n","protected":false},"excerpt":{"rendered":"<p>R\u0130YAD 27 A\u011fustos (SANA) &#8211; Suriye Olimpiyat futbol tak\u0131m\u0131, \u00f6n\u00fcm\u00fczdeki ay\u0131n 6&#8217;s\u0131 ile 12&#8217;si aras\u0131nda \u00dcrd\u00fcn&#8217;de d\u00fczenlenecek U-23 Asya Kupas\u0131 elemelerine haz\u0131rl\u0131k amac\u0131yla yar\u0131n Suudi mevkida\u015f\u0131 ile bir haz\u0131rl\u0131k ma\u00e7\u0131nda kar\u015f\u0131 kar\u015f\u0131ya gelecek. Ma\u00e7, milli tak\u0131m\u0131m\u0131z\u0131n Suudi Arabistan&#8217;\u0131n Abha kentinde iki g\u00fcn \u00f6nce ba\u015flayan d\u0131\u015f antrenman kamp\u0131 kapsam\u0131nda ger\u00e7ekle\u015fiyor. \u0130lk g\u00fcn iyile\u015ftirme antrenmanlar\u0131na sahne olurken, &hellip;<\/p>\n","protected":false},"author":41,"featured_media":287032,"comment_status":"closed","ping_status":"closed","sticky":false,"template":"","format":"standard","meta":{"footnotes":""},"categories":[458,498,459,17988,496],"tags":[39468,39469],"class_list":["post-287031","post","type-post","status-publish","format-standard","has-post-thumbnail","","category-dunya1","category-dunya-turnuvalari","category-haberler-arap-uluslararasi-politika","category-son-haberler","category-spor","tag-uriye-olimpiyat-futbol-takimi","tag-uudi-arabistanin-abha-kenti"],"_links":{"self":[{"href":"https:\/\/archive.sana.sy\/tr\/index.php?rest_route=\/wp\/v2\/posts\/287031","targetHints":{"allow":["GET"]}}],"collection":[{"href":"https:\/\/archive.sana.sy\/tr\/index.php?rest_route=\/wp\/v2\/posts"}],"about":[{"href":"https:\/\/archive.sana.sy\/tr\/index.php?rest_route=\/wp\/v2\/types\/post"}],"author":[{"embeddable":true,"href":"https:\/\/archive.sana.sy\/tr\/index.php?rest_route=\/wp\/v2\/users\/41"}],"replies":[{"embeddable":true,"href":"https:\/\/archive.sana.sy\/tr\/index.php?rest_route=%2Fwp%2Fv2%2Fcomments&post=287031"}],"version-history":[{"count":2,"href":"https:\/\/archive.sana.sy\/tr\/index.php?rest_route=\/wp\/v2\/posts\/287031\/revisions"}],"predecessor-version":[{"id":287035,"href":"https:\/\/archive.sana.sy\/tr\/index.php?rest_route=\/wp\/v2\/posts\/287031\/revisions\/287035"}],"wp:featuredmedia":[{"embeddable":true,"href":"https:\/\/archive.sana.sy\/tr\/index.php?rest_route=\/wp\/v2\/media\/287032"}],"wp:attachment":[{"href":"https:\/\/archive.sana.sy\/tr\/index.php?rest_route=%2Fwp%2Fv2%2Fmedia&parent=287031"}],"wp:term":[{"taxonomy":"category","embeddable":true,"href":"https:\/\/archive.sana.sy\/tr\/index.php?rest_route=%2Fwp%2Fv2%2Fcategories&post=287031"},{"taxonomy":"post_tag","embeddable":true,"href":"https:\/\/archive.sana.sy\/tr\/index.php?rest_route=%2Fwp%2Fv2%2Ftags&post=287031"}],"curies":[{"name":"wp","href":"https:\/\/api.w.org\/{rel}","templated":true}]}}