{"id":287040,"date":"2023-08-27T18:50:06","date_gmt":"2023-08-27T15:50:06","guid":{"rendered":"https:\/\/sana.sy\/tr\/?p=287040"},"modified":"2023-08-30T08:06:54","modified_gmt":"2023-08-30T05:06:54","slug":"bir-rus-savas-ucagi-karadeniz-uzerinde-abdye-ait-bir-kesif-ucagini-durdurdu","status":"publish","type":"post","link":"https:\/\/archive.sana.sy\/tr\/?p=287040","title":{"rendered":"Bir Rus Sava\u015f U\u00e7a\u011f\u0131, Karadeniz \u00dczerinde ABD&#8217;ye Ait Bir Ke\u015fif U\u00e7a\u011f\u0131n\u0131 Durdurdu"},"content":{"rendered":"<p style=\"text-align: justify;\"><strong>MOSKOVA 27 A\u011fustos (SANA)<\/strong> &#8211; Rusya Savunma Bakanl\u0131\u011f\u0131, Su-30 sava\u015f u\u00e7a\u011f\u0131n\u0131n, ABD Hava Kuvvetleri&#8217;ne ait MQ-9A &#8220;Reaper&#8221; ke\u015fif drone&#8217;unun Karadeniz \u00fczerinden Rusya s\u0131n\u0131rlar\u0131na yakla\u015f\u0131rken durduruldu\u011funu duyurdu.<\/p>\n<p style=\"text-align: justify;\">Bakanl\u0131ktan yap\u0131lan a\u00e7\u0131klamada \u015fu ifadelere yer verildi: \u2018\u201927 A\u011fustos&#8217;ta, Karadeniz \u00fczerindeki Rus hava sahas\u0131 kontrol merkezi, Rus devletinin s\u0131n\u0131rlar\u0131na yakla\u015fan bir hava hedefi tespit etti. Hava hedefini belirlemek ve Rusya&#8217;n\u0131n devlet s\u0131n\u0131rlar\u0131n\u0131n ihlalini \u00f6nlemek amac\u0131yla Rus Hava Savunma Kuvvetleri&#8217;ne ait bir Su-30 sava\u015f u\u00e7a\u011f\u0131 u\u00e7tu.\u2019\u2019<\/p>\n<p style=\"text-align: justify;\">Bakanl\u0131\u011f\u0131n a\u00e7\u0131klamas\u0131nda ayr\u0131ca, \u2018\u2019 Rus sava\u015f m\u00fcrettebat\u0131, hava hedefinin ABD Hava Kuvvetleri&#8217;ne ait MQ-9A &#8220;Reaper&#8221; ke\u015fif u\u00e7a\u011f\u0131 oldu\u011funu belirledi. Rus sava\u015f\u00e7\u0131 yabanc\u0131 ke\u015fif u\u00e7a\u011f\u0131na yakla\u015ft\u0131\u011f\u0131nda, ikincisi rotay\u0131 de\u011fi\u015ftirdi ve Rusya Federasyonu s\u0131n\u0131rlar\u0131ndan uzakla\u015ft\u0131\u2019\u2019 ifadeler kullan\u0131ld\u0131.<\/p>\n<p style=\"text-align: justify;\">Bakanl\u0131k, &#8220;Rus u\u00e7a\u011f\u0131 g\u00fcvenli bir \u015fekilde \u00fcss\u00fcne d\u00f6nd\u00fc ve \u00fclke s\u0131n\u0131rlar\u0131n\u0131n ihlal edilmesini \u00f6nledi.&#8221; diyerek, Rus sava\u015f u\u00e7a\u011f\u0131n\u0131n u\u00e7u\u015funun, g\u00fcvenlik \u00f6nlemlerine ba\u011fl\u0131 kalarak, tarafs\u0131z sular \u00fczerindeki hava sahas\u0131n\u0131n kullan\u0131m\u0131na ili\u015fkin uluslararas\u0131 kurallara s\u0131k\u0131 s\u0131k\u0131ya ba\u011fl\u0131 kalarak ger\u00e7ekle\u015fti\u011fini de kaydetti.<\/p>\n<p><a href=\"https:\/\/t.me\/SuriyeArapHaberAjansI\">Telegram Kanal\u0131m\u0131z\u00a0<\/a><\/p>\n<p><a href=\"https:\/\/www.facebook.com\/SANAHaberAjansi\/\">Facebook Sayfam\u0131z<\/a><\/p>\n<p><a href=\"https:\/\/twitter.com\/arap_ajans\">Twitter Hesab\u0131m\u0131z<\/a><\/p>\n","protected":false},"excerpt":{"rendered":"<p>MOSKOVA 27 A\u011fustos (SANA) &#8211; Rusya Savunma Bakanl\u0131\u011f\u0131, Su-30 sava\u015f u\u00e7a\u011f\u0131n\u0131n, ABD Hava Kuvvetleri&#8217;ne ait MQ-9A &#8220;Reaper&#8221; ke\u015fif drone&#8217;unun Karadeniz \u00fczerinden Rusya s\u0131n\u0131rlar\u0131na yakla\u015f\u0131rken durduruldu\u011funu duyurdu. Bakanl\u0131ktan yap\u0131lan a\u00e7\u0131klamada \u015fu ifadelere yer verildi: \u2018\u201927 A\u011fustos&#8217;ta, Karadeniz \u00fczerindeki Rus hava sahas\u0131 kontrol merkezi, Rus devletinin s\u0131n\u0131rlar\u0131na yakla\u015fan bir hava hedefi tespit etti. Hava hedefini belirlemek ve &hellip;<\/p>\n","protected":false},"author":41,"featured_media":287041,"comment_status":"closed","ping_status":"closed","sticky":false,"template":"","format":"standard","meta":{"footnotes":""},"categories":[458,459,17988],"tags":[23808,39471,39472,17041,39473],"class_list":["post-287040","post","type-post","status-publish","format-standard","has-post-thumbnail","","category-dunya1","category-haberler-arap-uluslararasi-politika","category-son-haberler","tag-abd-ve-rusya","tag-bir-rus-savas-ucagi","tag-karadeniz-uzerinde-abdye-ait-bir-kesif-ucagini-durdurdu","tag-rusya-savunma-bakanligi","tag-su-30-savas-ucagi"],"_links":{"self":[{"href":"https:\/\/archive.sana.sy\/tr\/index.php?rest_route=\/wp\/v2\/posts\/287040","targetHints":{"allow":["GET"]}}],"collection":[{"href":"https:\/\/archive.sana.sy\/tr\/index.php?rest_route=\/wp\/v2\/posts"}],"about":[{"href":"https:\/\/archive.sana.sy\/tr\/index.php?rest_route=\/wp\/v2\/types\/post"}],"author":[{"embeddable":true,"href":"https:\/\/archive.sana.sy\/tr\/index.php?rest_route=\/wp\/v2\/users\/41"}],"replies":[{"embeddable":true,"href":"https:\/\/archive.sana.sy\/tr\/index.php?rest_route=%2Fwp%2Fv2%2Fcomments&post=287040"}],"version-history":[{"count":3,"href":"https:\/\/archive.sana.sy\/tr\/index.php?rest_route=\/wp\/v2\/posts\/287040\/revisions"}],"predecessor-version":[{"id":287057,"href":"https:\/\/archive.sana.sy\/tr\/index.php?rest_route=\/wp\/v2\/posts\/287040\/revisions\/287057"}],"wp:featuredmedia":[{"embeddable":true,"href":"https:\/\/archive.sana.sy\/tr\/index.php?rest_route=\/wp\/v2\/media\/287041"}],"wp:attachment":[{"href":"https:\/\/archive.sana.sy\/tr\/index.php?rest_route=%2Fwp%2Fv2%2Fmedia&parent=287040"}],"wp:term":[{"taxonomy":"category","embeddable":true,"href":"https:\/\/archive.sana.sy\/tr\/index.php?rest_route=%2Fwp%2Fv2%2Fcategories&post=287040"},{"taxonomy":"post_tag","embeddable":true,"href":"https:\/\/archive.sana.sy\/tr\/index.php?rest_route=%2Fwp%2Fv2%2Ftags&post=287040"}],"curies":[{"name":"wp","href":"https:\/\/api.w.org\/{rel}","templated":true}]}}