{"id":287043,"date":"2023-08-27T08:59:24","date_gmt":"2023-08-27T05:59:24","guid":{"rendered":"https:\/\/sana.sy\/tr\/?p=287043"},"modified":"2023-08-28T08:13:12","modified_gmt":"2023-08-28T05:13:12","slug":"lavrov-bricsin-genislemesi-g20deki-konumunu-guclendiriyor","status":"publish","type":"post","link":"https:\/\/archive.sana.sy\/tr\/?p=287043","title":{"rendered":"Lavrov: BRICS&#8217;in Geni\u015flemesi G20&#8217;deki Konumunu G\u00fc\u00e7lendiriyor"},"content":{"rendered":"<p style=\"text-align: justify;\"><strong>MOSKOVA 27 <\/strong><strong>A\u011fustos (SANA) &#8211;<\/strong> Rusya D\u0131\u015fi\u015fleri Bakan\u0131 Sergey Lavrov, \u00fcye say\u0131s\u0131ndaki yeni geni\u015flemeyle BRICS&#8217;in G-20&#8217;deki konumunun g\u00fc\u00e7lenece\u011fini, \u00fclkesinin uluslararas\u0131 platformlarda yeni \u00fcyelerle pozisyonlar\u0131n\u0131 koordine edece\u011fini de\u011ferlendirdi.<\/p>\n<p style=\"text-align: justify;\">Sputnik&#8217;e g\u00f6re Lavrov, Rus televizyonunda yapt\u0131\u011f\u0131 a\u00e7\u0131klamada \u015funlar\u0131 s\u00f6yledi: \u2018\u2019BRICS grubunun zaten geni\u015fleyen pozisyonlar\u0131 G-20&#8217;de g\u00fc\u00e7lenecek, art\u0131k orada Suudi Arabistan ve Arjantin var&#8221; dedi.<\/p>\n<p style=\"text-align: justify;\">BRICS zirvesi 22-24 A\u011fustos&#8217;ta G\u00fcney Afrika&#8217;n\u0131n ba\u015fkanl\u0131\u011f\u0131nda Johannesburg&#8217;da d\u00fczenlendi ve \u00c7in, Hindistan, Brezilya ve G\u00fcney Afrika devlet ba\u015fkanlar\u0131n\u0131n kat\u0131ld\u0131\u011f\u0131 zirvede Rusya&#8217;y\u0131 Bakan Lavrov temsil ederken, Rusya Devlet Ba\u015fkan\u0131 Vladimir Putin de video arac\u0131l\u0131\u011f\u0131yla zirveye kat\u0131ld\u0131.<\/p>\n<p style=\"text-align: justify;\">Zirve s\u0131ras\u0131nda G\u00fcney Afrika Devlet Ba\u015fkan\u0131 Cyril Ramaphosa, BRICS grubunun M\u0131s\u0131r, Suudi Arabistan, BAE, \u0130ran, Etiyopya ve Arjantin&#8217;i gruba \u00fcye olmaya davet etme karar\u0131 ald\u0131\u011f\u0131n\u0131 do\u011frulad\u0131.<\/p>\n<p><a href=\"https:\/\/t.me\/SuriyeArapHaberAjansI\">Telegram Kanal\u0131m\u0131z\u00a0<\/a><\/p>\n<p><a href=\"https:\/\/www.facebook.com\/SANAHaberAjansi\/\">Facebook Sayfam\u0131z<\/a><\/p>\n<p><a href=\"https:\/\/twitter.com\/arap_ajans\">Twitter Hesab\u0131m\u0131z<\/a><\/p>\n","protected":false},"excerpt":{"rendered":"<p>MOSKOVA 27 A\u011fustos (SANA) &#8211; Rusya D\u0131\u015fi\u015fleri Bakan\u0131 Sergey Lavrov, \u00fcye say\u0131s\u0131ndaki yeni geni\u015flemeyle BRICS&#8217;in G-20&#8217;deki konumunun g\u00fc\u00e7lenece\u011fini, \u00fclkesinin uluslararas\u0131 platformlarda yeni \u00fcyelerle pozisyonlar\u0131n\u0131 koordine edece\u011fini de\u011ferlendirdi. Sputnik&#8217;e g\u00f6re Lavrov, Rus televizyonunda yapt\u0131\u011f\u0131 a\u00e7\u0131klamada \u015funlar\u0131 s\u00f6yledi: \u2018\u2019BRICS grubunun zaten geni\u015fleyen pozisyonlar\u0131 G-20&#8217;de g\u00fc\u00e7lenecek, art\u0131k orada Suudi Arabistan ve Arjantin var&#8221; dedi. BRICS zirvesi 22-24 A\u011fustos&#8217;ta &hellip;<\/p>\n","protected":false},"author":41,"featured_media":287044,"comment_status":"closed","ping_status":"closed","sticky":false,"template":"","format":"standard","meta":{"footnotes":""},"categories":[458,459,17988],"tags":[24669,30189,39475,39474],"class_list":["post-287043","post","type-post","status-publish","format-standard","has-post-thumbnail","","category-dunya1","category-haberler-arap-uluslararasi-politika","category-son-haberler","tag-brics","tag-brics-ulkeleri","tag-brics-zirvesi-22-24-agustosta-guney-afrikanin-baskanligi","tag-lavrov-bricsin-genislemesi-g20deki-konumunu-guclendiriyor"],"_links":{"self":[{"href":"https:\/\/archive.sana.sy\/tr\/index.php?rest_route=\/wp\/v2\/posts\/287043","targetHints":{"allow":["GET"]}}],"collection":[{"href":"https:\/\/archive.sana.sy\/tr\/index.php?rest_route=\/wp\/v2\/posts"}],"about":[{"href":"https:\/\/archive.sana.sy\/tr\/index.php?rest_route=\/wp\/v2\/types\/post"}],"author":[{"embeddable":true,"href":"https:\/\/archive.sana.sy\/tr\/index.php?rest_route=\/wp\/v2\/users\/41"}],"replies":[{"embeddable":true,"href":"https:\/\/archive.sana.sy\/tr\/index.php?rest_route=%2Fwp%2Fv2%2Fcomments&post=287043"}],"version-history":[{"count":1,"href":"https:\/\/archive.sana.sy\/tr\/index.php?rest_route=\/wp\/v2\/posts\/287043\/revisions"}],"predecessor-version":[{"id":287045,"href":"https:\/\/archive.sana.sy\/tr\/index.php?rest_route=\/wp\/v2\/posts\/287043\/revisions\/287045"}],"wp:featuredmedia":[{"embeddable":true,"href":"https:\/\/archive.sana.sy\/tr\/index.php?rest_route=\/wp\/v2\/media\/287044"}],"wp:attachment":[{"href":"https:\/\/archive.sana.sy\/tr\/index.php?rest_route=%2Fwp%2Fv2%2Fmedia&parent=287043"}],"wp:term":[{"taxonomy":"category","embeddable":true,"href":"https:\/\/archive.sana.sy\/tr\/index.php?rest_route=%2Fwp%2Fv2%2Fcategories&post=287043"},{"taxonomy":"post_tag","embeddable":true,"href":"https:\/\/archive.sana.sy\/tr\/index.php?rest_route=%2Fwp%2Fv2%2Ftags&post=287043"}],"curies":[{"name":"wp","href":"https:\/\/api.w.org\/{rel}","templated":true}]}}