{"id":287046,"date":"2023-08-27T19:10:24","date_gmt":"2023-08-27T16:10:24","guid":{"rendered":"https:\/\/sana.sy\/tr\/?p=287046"},"modified":"2023-08-30T08:07:04","modified_gmt":"2023-08-30T05:07:04","slug":"40-firmanin-katilimiyla-tartusta-suriyede-uretildi-festivali-acildi","status":"publish","type":"post","link":"https:\/\/archive.sana.sy\/tr\/?p=287046","title":{"rendered":"40 Firman\u0131n Kat\u0131l\u0131m\u0131yla Tartus&#8217;ta \u201cSuriye\u2019de \u00dcretildi\u201d Festivali A\u00e7\u0131ld\u0131"},"content":{"rendered":"<p style=\"text-align: justify;\"><strong>TARTUS 27 A\u011fustos (SANA)<\/strong> &#8211; Tartus Ticaret ve Sanayi Odas\u0131 ile \u015eam ve \u015eam K\u0131rsal\u0131 \u00a0Sanayi Odas\u0131 ve \u015eam ve \u015eam \u00a0K\u0131rsal Ticaret Odas\u0131 i\u015f birli\u011fiyle d\u00fczenlenen &#8220;Suriye\u2019de \u00fcretildi&#8221; festivalinin etkinlikleri bug\u00fcn Tartus&#8217;ta \u00c7e\u015fitli valiliklerden yakla\u015f\u0131k 40 yerel firman\u0131n kat\u0131l\u0131m\u0131yla ba\u015flad\u0131.<\/p>\n<p style=\"text-align: justify;\">Eski Tartus&#8217;taki sergi salonunda ger\u00e7ekle\u015ftirilen festivalde, g\u0131da, sa\u011fl\u0131k ve her t\u00fcrl\u00fc deterjan\u0131n yan\u0131 s\u0131ra tak\u0131m elbise ve ayakkab\u0131n\u0131n da aralar\u0131nda bulundu\u011fu \u00e7e\u015fitli k\u0131rtasiye ve okul k\u0131yafetleri yer al\u0131yor.<\/p>\n<div id='gallery-1' class='gallery galleryid-287046 gallery-columns-3 gallery-size-full'><figure class='gallery-item'>\n\t\t\t<div class='gallery-icon landscape'>\n\t\t\t\t<a href='https:\/\/archive.sana.sy\/tr\/wp-content\/uploads\/2023\/08\/photo_2023-08-27_16-42-12.jpg'><img loading=\"lazy\" decoding=\"async\" width=\"660\" height=\"440\" src=\"https:\/\/archive.sana.sy\/tr\/wp-content\/uploads\/2023\/08\/photo_2023-08-27_16-42-12.jpg\" class=\"attachment-full size-full\" alt=\"\" srcset=\"https:\/\/archive.sana.sy\/tr\/wp-content\/uploads\/2023\/08\/photo_2023-08-27_16-42-12.jpg 660w, https:\/\/archive.sana.sy\/tr\/wp-content\/uploads\/2023\/08\/photo_2023-08-27_16-42-12-300x200.jpg 300w\" sizes=\"auto, (max-width: 660px) 100vw, 660px\" \/><\/a>\n\t\t\t<\/div><\/figure><figure class='gallery-item'>\n\t\t\t<div class='gallery-icon landscape'>\n\t\t\t\t<a href='https:\/\/archive.sana.sy\/tr\/wp-content\/uploads\/2023\/08\/photo_2023-08-27_16-44-38.jpg'><img loading=\"lazy\" decoding=\"async\" width=\"660\" height=\"440\" src=\"https:\/\/archive.sana.sy\/tr\/wp-content\/uploads\/2023\/08\/photo_2023-08-27_16-44-38.jpg\" class=\"attachment-full size-full\" alt=\"\" srcset=\"https:\/\/archive.sana.sy\/tr\/wp-content\/uploads\/2023\/08\/photo_2023-08-27_16-44-38.jpg 660w, https:\/\/archive.sana.sy\/tr\/wp-content\/uploads\/2023\/08\/photo_2023-08-27_16-44-38-300x200.jpg 300w\" sizes=\"auto, (max-width: 660px) 100vw, 660px\" \/><\/a>\n\t\t\t<\/div><\/figure><figure class='gallery-item'>\n\t\t\t<div class='gallery-icon landscape'>\n\t\t\t\t<a href='https:\/\/archive.sana.sy\/tr\/wp-content\/uploads\/2023\/08\/photo_2023-08-27_17-52-26.jpg'><img loading=\"lazy\" decoding=\"async\" width=\"660\" height=\"440\" src=\"https:\/\/archive.sana.sy\/tr\/wp-content\/uploads\/2023\/08\/photo_2023-08-27_17-52-26.jpg\" class=\"attachment-full size-full\" alt=\"\" srcset=\"https:\/\/archive.sana.sy\/tr\/wp-content\/uploads\/2023\/08\/photo_2023-08-27_17-52-26.jpg 660w, https:\/\/archive.sana.sy\/tr\/wp-content\/uploads\/2023\/08\/photo_2023-08-27_17-52-26-300x200.jpg 300w\" sizes=\"auto, (max-width: 660px) 100vw, 660px\" \/><\/a>\n\t\t\t<\/div><\/figure>\n\t\t<\/div>\n\n<p style=\"text-align: justify;\"><a href=\"https:\/\/t.me\/SuriyeArapHaberAjansI\">Telegram Kanal\u0131m\u0131z\u00a0<\/a><\/p>\n<p style=\"text-align: justify;\"><a href=\"https:\/\/www.facebook.com\/SANAHaberAjansi\/\">Facebook Sayfam\u0131z<\/a><\/p>\n<p style=\"text-align: justify;\"><a href=\"https:\/\/twitter.com\/arap_ajans\">Twitter Hesab\u0131m\u0131z<\/a><\/p>\n","protected":false},"excerpt":{"rendered":"<p>TARTUS 27 A\u011fustos (SANA) &#8211; Tartus Ticaret ve Sanayi Odas\u0131 ile \u015eam ve \u015eam K\u0131rsal\u0131 \u00a0Sanayi Odas\u0131 ve \u015eam ve \u015eam \u00a0K\u0131rsal Ticaret Odas\u0131 i\u015f birli\u011fiyle d\u00fczenlenen &#8220;Suriye\u2019de \u00fcretildi&#8221; festivalinin etkinlikleri bug\u00fcn Tartus&#8217;ta \u00c7e\u015fitli valiliklerden yakla\u015f\u0131k 40 yerel firman\u0131n kat\u0131l\u0131m\u0131yla ba\u015flad\u0131. Eski Tartus&#8217;taki sergi salonunda ger\u00e7ekle\u015ftirilen festivalde, g\u0131da, sa\u011fl\u0131k ve her t\u00fcrl\u00fc deterjan\u0131n yan\u0131 s\u0131ra &hellip;<\/p>\n","protected":false},"author":41,"featured_media":287047,"comment_status":"closed","ping_status":"closed","sticky":false,"template":"","format":"standard","meta":{"footnotes":""},"categories":[485,486,479,17988,478],"tags":[39476,39477,19043,24911],"class_list":["post-287046","post","type-post","status-publish","format-standard","has-post-thumbnail","","category-is-ve-sermaye","category-haberler-is-ve-sermaye","category-haberler-yerel","category-son-haberler","category-yerel","tag-40-firmanin-katilimiyla-tartusta-suriyede-uretildi-festivali-acildi","tag-suriyede-ejonomi-durumu","tag-suriyede-son-durum","tag-suriyede-son-gelismeler"],"_links":{"self":[{"href":"https:\/\/archive.sana.sy\/tr\/index.php?rest_route=\/wp\/v2\/posts\/287046","targetHints":{"allow":["GET"]}}],"collection":[{"href":"https:\/\/archive.sana.sy\/tr\/index.php?rest_route=\/wp\/v2\/posts"}],"about":[{"href":"https:\/\/archive.sana.sy\/tr\/index.php?rest_route=\/wp\/v2\/types\/post"}],"author":[{"embeddable":true,"href":"https:\/\/archive.sana.sy\/tr\/index.php?rest_route=\/wp\/v2\/users\/41"}],"replies":[{"embeddable":true,"href":"https:\/\/archive.sana.sy\/tr\/index.php?rest_route=%2Fwp%2Fv2%2Fcomments&post=287046"}],"version-history":[{"count":3,"href":"https:\/\/archive.sana.sy\/tr\/index.php?rest_route=\/wp\/v2\/posts\/287046\/revisions"}],"predecessor-version":[{"id":287162,"href":"https:\/\/archive.sana.sy\/tr\/index.php?rest_route=\/wp\/v2\/posts\/287046\/revisions\/287162"}],"wp:featuredmedia":[{"embeddable":true,"href":"https:\/\/archive.sana.sy\/tr\/index.php?rest_route=\/wp\/v2\/media\/287047"}],"wp:attachment":[{"href":"https:\/\/archive.sana.sy\/tr\/index.php?rest_route=%2Fwp%2Fv2%2Fmedia&parent=287046"}],"wp:term":[{"taxonomy":"category","embeddable":true,"href":"https:\/\/archive.sana.sy\/tr\/index.php?rest_route=%2Fwp%2Fv2%2Fcategories&post=287046"},{"taxonomy":"post_tag","embeddable":true,"href":"https:\/\/archive.sana.sy\/tr\/index.php?rest_route=%2Fwp%2Fv2%2Ftags&post=287046"}],"curies":[{"name":"wp","href":"https:\/\/api.w.org\/{rel}","templated":true}]}}